{"id":27504,"date":"2021-02-06T10:06:36","date_gmt":"2021-02-06T10:06:36","guid":{"rendered":"https:\/\/www.digirocks.fr\/2021-2\/"},"modified":"2023-04-28T16:21:49","modified_gmt":"2023-04-28T16:21:49","slug":"2021-2","status":"publish","type":"post","link":"https:\/\/www.digirocks.fr\/en\/2021-2\/","title":{"rendered":"Edito : +10% ou -30% de Chiffre d&#8217;Affaires en 2021 ?"},"content":{"rendered":"<p><em>Par Jean-Patrick Manzoni, CEO<\/em><\/p>\n<p>Avant tout et au nom de toute la Team digiRocks, nous te souhaitons une tr\u00e8s belle ann\u00e9e 2021 !<br \/>\nQu&#8217;elle soit parsem\u00e9e de moments de bonheur pour toi et pour tes proches.<\/p>\n<p><strong>2020 une ann\u00e9e pour l&#8217;Histoire avec un grand H !<\/strong><\/p>\n<p>\u2022 2020 restera l&#8217;ann\u00e9e o\u00f9 l&#8217;on a d\u00e9couvert les premi\u00e8res cons\u00e9quences d&#8217;une pand\u00e9mie. Et oui, cela change nos vies (<a href=\"https:\/\/twitter.com\/devisridhar?lang=fr\" target=\"_blank\" rel=\"noopener noreferrer\">Devi Sridhar<\/a> l&#8217;avait pr\u00e9dit avant d&#8217;autres et la Boss du CDC Am\u00e9ricain <a href=\"https:\/\/www.statnews.com\/2020\/02\/25\/cdc-expects-community-spread-of-coronavirus-as-top-official-warns-disruptions-could-be-severe\/\" target=\"_blank\" rel=\"noopener noreferrer\">Nancy Messonnier<\/a> avait dit cela d\u00e8s le 25 f\u00e9vrier 2020), nos fa\u00e7ons de voir le monde (et de se d\u00e9placer ou non), notre quotidien, l&#8217;\u00e9conomie (-4% de croissance au <a href=\"https:\/\/blogs.worldbank.org\/fr\/voices\/retour-sur-lannee-2020-londe-de-choc-de-la-pandemie-de-covid-19-en-12-graphiques\" target=\"_blank\" rel=\"noopener noreferrer\">niveau mondial<\/a>, -9% en France).<\/p>\n<p>\u2022 2020 restera l&#8217;ann\u00e9e o\u00f9 pour certains secteurs l&#8217;activit\u00e9 a plong\u00e9 dans le rouge vif (tourisme, a\u00e9rien, restauration&#8230;) alors que d&#8217;autres connaissaient des croissances insolentes (Commerce en ligne, T\u00e9l\u00e9m\u00e9decine, Sant\u00e9 \/ Pharma&#8230;) port\u00e9e par un retour aux fondamentaux et par la digitalisation brutale de tout le quotidien.<\/p>\n<p>\u2022 2020 restera l&#8217;ann\u00e9e o\u00f9 les grands discours sur le futureofwork et le digital sont devenus concrets, palpables et imm\u00e9diats. Le Covid-19 impose par la force le t\u00e9l\u00e9travail (pour celles et ceux qui le peuvent), question de survie \u00e9conomique et sanitaire. Place aux vid\u00e9oConf et sus aux r\u00e9unions et managers inutiles !<\/p>\n<p>Les d\u00e9buts d&#8217;ann\u00e9e sont propices aux bilans, alors voici le notre.<\/p>\n<p>&nbsp;<\/p>\n<p><strong>132 recrutements en 2020 !<\/strong><\/p>\n<p>\u2022 Recruter matin, midi et soir, connaitre intimement les m\u00e9tiers sur lesquels on travaille et le faire 100% \u00e0 distance : voil\u00e0 les choix faits \u00e0 la naissance de digiRocks d\u00e8s 2017. Notre obsession ?\u00a0 Matcher #digitalTalents et entreprises de mani\u00e8re <em>rapide et humaine<\/em>. Se concentrer exclusivement sur les m\u00e9tiers du digital, hors d\u00e9veloppeurs.<\/p>\n<p>\u2022 Bravo \u00e0 la Team : <a href=\"https:\/\/www.linkedin.com\/in\/pierre-quatrefages\/\" target=\"_blank\" rel=\"noopener noreferrer\">Pierre<\/a>, <a href=\"https:\/\/www.linkedin.com\/in\/sandrabareil\/\" target=\"_blank\" rel=\"noopener noreferrer\">Sandra<\/a>, <a href=\"https:\/\/www.linkedin.com\/in\/vanessaguyot\/\" target=\"_blank\" rel=\"noopener noreferrer\">Vanessa<\/a>, <a href=\"https:\/\/www.linkedin.com\/in\/nathalie-mangin-collas\/\" target=\"_blank\" rel=\"noopener noreferrer\">Nathalie<\/a>, <a href=\"https:\/\/www.linkedin.com\/in\/vanessadore\/\" target=\"_blank\" rel=\"noopener noreferrer\">Vanessa<\/a> (oui 2 Vanessa c&#8217;est fou non !), <a href=\"https:\/\/www.linkedin.com\/in\/jpcluset\/\" target=\"_blank\" rel=\"noopener noreferrer\">Jean-Philippe<\/a>, <a href=\"https:\/\/www.linkedin.com\/in\/youssef-elattafi\/\" target=\"_blank\" rel=\"noopener noreferrer\">Youssef<\/a>, <a href=\"https:\/\/www.linkedin.com\/in\/hbourdon\/\" target=\"_blank\" rel=\"noopener\">Herv\u00e9<\/a>, <a href=\"https:\/\/www.linkedin.com\/in\/asjarrige\/\" target=\"_blank\" rel=\"noopener\">Anne-Sophie<\/a>, <a href=\"https:\/\/www.linkedin.com\/in\/benoitdemontecler\/\" target=\"_blank\" rel=\"noopener noreferrer\">Benoit<\/a>, <a href=\"https:\/\/www.linkedin.com\/in\/Jean-PatrickManzoni\/\" target=\"_blank\" rel=\"noopener noreferrer\">Jean-Patrick<\/a>. Merci \u00e0 nos 150+ clients allant des Entreprises de taille interm\u00e9diaire (ETI), aux Grands groupes en passant par les Retailers, PME ou agences digitales.<\/p>\n<p>Le point commun ? L&#8217;envie de monter des \u00e9quipes digitales qui d\u00e9livrent !<\/p>\n<p>\u2022 3 d\u00e9m\u00e9nagements (Londres &#8211; Paris ; Lyon &#8211; La Campagne ; Paris &#8211; Paris), 1 passage de <a href=\"https:\/\/www.lci.fr\/vie-pro\/video-covid-19-ces-francais-qui-teletravaillent-depuis-les-baleares-pendant-le-confinement-vont-vous-donner-envie-de-les-imiter-2170904.html\" target=\"_blank\" rel=\"noopener noreferrer\">Vanessa au 20h de TF1 depuis Palma de Majorque<\/a>, le 100% \u00e0 distance et le digitalNomadisme mis au coeur de la recette digiRocks nous va bien !<\/p>\n<p>&nbsp;<\/p>\n<p><strong>Cap sur 2021 !\u00a0<\/strong><\/p>\n<p>Pour les pr\u00e9dictions digitales, voyez <a href=\"https:\/\/fredcavazza.net\/2020\/12\/21\/mes-10-predictions-pour-2021\/\" target=\"_blank\" rel=\"noopener noreferrer\">Fred Cavazza<\/a> (il fait cela depuis 15 ans, c&#8217;est plut\u00f4t sens\u00e9). Ou <a href=\"https:\/\/www.oezratty.net\/wordpress\/2020\/imprevisible-2021\/\" target=\"_blank\" rel=\"noopener noreferrer\">Jean-Patrick Ezratty<\/a>. Pour les pr\u00e9dictions \u00e9conomiques et Covid, un autre <a href=\"https:\/\/www.pentalog.fr\/blog\/analyse-economique-dompter-covid\" target=\"_blank\" rel=\"noopener noreferrer\">Fred Lasnier<\/a>\u00a0qu&#8217;on aime bien aussi !<\/p>\n<p>Bornons-nous \u00e0 observer <strong>2 typologies d&#8217;entreprises :<\/strong><\/p>\n<p>\u2022 celles qui depuis le 1er confinement peinent \u00e0 d\u00e9cider rapidement. Certains retailers n&#8217;ont pas pu ouvrir leur eCommerce pendant le 1er confinement, quel dommage pour le Business ! C&#8217;est le cas aussi de beaucoup d&#8217;acteurs du Tourisme tr\u00e8s impact\u00e9s, oblig\u00e9s de se r\u00e9inventer du tout au tout. Bref tous les Business qui concentrent du monde au m2 et\/ou qui n\u00e9cessitent de longs d\u00e9placements (avion ou autre) pour tourner souffrent et ce n&#8217;est pas fini !<\/p>\n<p>\u2022 celles qui &#8220;profitent&#8221; de la crise d\u00e9cident et vite : certaines ETI acc\u00e9l\u00e8rent fort sur le digital, les eMarchands livrent comme jamais (attention \u00e0 l&#8217;augmentation des frais logistiques hein !), et la plupart des Grands Groupes acc\u00e9l\u00e8rent leur transformation digitale comme on dit (m\u00eame si on pr\u00e9f\u00e8re le terme digiMonde).<\/p>\n<p>Selon BPI France, une des voies de sortie de crise (bizarre <a href=\"https:\/\/livre.fnac.com\/a2532616\/Philippe-Dessertine-Ceci-n-est-pas-une-crise-juste-la-fin-d-un-monde\" target=\"_blank\" rel=\"noopener noreferrer\">ce mot<\/a> !) est de se digitaliser \u00e0 vitesse grand V, bref d&#8217;entrer de plein pied dans le digiMonde ce Monde en partie digital dans lequel on vit, \u00e0 la fois connect\u00e9, outill\u00e9 et co-construit.<\/p>\n<p>Encore faut-il en avoir les comp\u00e9tences, les \u00e9quipes ! Bref s&#8217;y retrouver dans <strong>la jungle des m\u00e9tiers du digital<\/strong> et faire les bons choix de comp\u00e9tences et de personnalit\u00e9s. Pour cela tu sais o\u00f9 trouver digiRocks non ? En tous les cas notre <strong><a href=\"https:\/\/bit.ly\/39Rccyj\" target=\"_blank\" rel=\"noopener noreferrer\">Annuaire temps r\u00e9el de digitalTalents<\/a><\/strong> est l\u00e0 et nos rendez-vous imm\u00e9diats n&#8217;attendent que toi Manager RH ou Manager digital.<\/p>\n<p><strong>Merci 2020 et vive 2021 !<\/strong><\/p>","protected":false},"excerpt":{"rendered":"<p>Par Jean-Patrick Manzoni, CEO \u2022 Au nom de toute la Team digiRocks, nous te souhaitons une tr\u00e8s belle ann\u00e9e 2021 ! 132 recrutements en 2020 c&#8217;est le Bilan de la Team. En 2021, feras-tu partie des entreprises qui  &#8220;profitent&#8221; de la crise et d\u00e9cident rapidement ou bien&#8230;.<\/p>","protected":false},"author":30,"featured_media":0,"comment_status":"open","ping_status":"open","sticky":false,"template":"","format":"standard","meta":{"_acf_changed":false,"footnotes":""},"categories":[318,321],"tags":[],"class_list":["post-27504","post","type-post","status-publish","format-standard","hentry","category-manager-rh","category-talent-candidat"],"acf":[],"_links":{"self":[{"href":"https:\/\/www.digirocks.fr\/en\/wp-json\/wp\/v2\/posts\/27504","targetHints":{"allow":["GET"]}}],"collection":[{"href":"https:\/\/www.digirocks.fr\/en\/wp-json\/wp\/v2\/posts"}],"about":[{"href":"https:\/\/www.digirocks.fr\/en\/wp-json\/wp\/v2\/types\/post"}],"author":[{"embeddable":true,"href":"https:\/\/www.digirocks.fr\/en\/wp-json\/wp\/v2\/users\/30"}],"replies":[{"embeddable":true,"href":"https:\/\/www.digirocks.fr\/en\/wp-json\/wp\/v2\/comments?post=27504"}],"version-history":[{"count":1,"href":"https:\/\/www.digirocks.fr\/en\/wp-json\/wp\/v2\/posts\/27504\/revisions"}],"predecessor-version":[{"id":27859,"href":"https:\/\/www.digirocks.fr\/en\/wp-json\/wp\/v2\/posts\/27504\/revisions\/27859"}],"wp:attachment":[{"href":"https:\/\/www.digirocks.fr\/en\/wp-json\/wp\/v2\/media?parent=27504"}],"wp:term":[{"taxonomy":"category","embeddable":true,"href":"https:\/\/www.digirocks.fr\/en\/wp-json\/wp\/v2\/categories?post=27504"},{"taxonomy":"post_tag","embeddable":true,"href":"https:\/\/www.digirocks.fr\/en\/wp-json\/wp\/v2\/tags?post=27504"}],"curies":[{"name":"wp","href":"https:\/\/api.w.org\/{rel}","templated":true}]}}