{"id":27525,"date":"2022-07-13T16:23:50","date_gmt":"2022-07-13T16:23:50","guid":{"rendered":"https:\/\/www.digirocks.fr\/le-burn-out-severe-que-fait-on\/"},"modified":"2023-04-28T16:22:19","modified_gmt":"2023-04-28T16:22:19","slug":"le-burn-out-severe-que-fait-on","status":"publish","type":"post","link":"https:\/\/www.digirocks.fr\/en\/le-burn-out-severe-que-fait-on\/","title":{"rendered":"2.55 millions de fran\u00e7ais touch\u00e9s par le burn-out s\u00e9v\u00e8re : Que fait-on ?"},"content":{"rendered":"<h2>En France, on estime que 2,55 millions de salari\u00e9s sont touch\u00e9s par le l&#8217;\u00e9puisement professionnel s\u00e9v\u00e8re<\/h2>\n<figure id=\"attachment_9335\" aria-describedby=\"caption-attachment-9335\" style=\"width: 300px\" class=\"wp-caption alignright\"><img fetchpriority=\"high\" decoding=\"async\" class=\"size-medium wp-image-9335\" src=\"https:\/\/www.digirocks.fr\/wp-content\/uploads\/2022\/07\/pexels-nataliya-vaitkevich-6837645-300x200.jpg\" alt=\"2.55 millions de salari\u00e9s fran\u00e7ais touch\u00e9s par le burn-out s\u00e9v\u00e8re : Que fait-on ?\" width=\"300\" height=\"200\" title=\"\"><figcaption id=\"caption-attachment-9335\" class=\"wp-caption-text\">2. 55 millions de salari\u00e9s fran\u00e7ais touch\u00e9s par le burn-out s\u00e9v\u00e8re : que fait-on?<\/figcaption><\/figure>\n<p>Ce chiffre va continuer \u00e0 augmenter dans les ann\u00e9es \u00e0 venir, car de plus en plus de personnes ont du mal \u00e0 r\u00e9pondre aux exigences de leur travail. Le burn-out est un probl\u00e8me s\u00e9rieux, et il est temps que nous commencions \u00e0 y pr\u00eater attention. Dans cet article, nous allons examiner de plus pr\u00e8s les statistiques relatives au burn-out en France, ainsi que les mesures prises pour lutter contre ce probl\u00e8me croissant.<\/p>\n<h3>L&#8217;\u00e9puisement professionnel est un syndrome qui peut \u00eatre caus\u00e9 par le stress li\u00e9 au travail<\/h3>\n<p>Il se caract\u00e9rise par des sentiments d&#8217;\u00e9puisement, de cynisme et d&#8217;inefficacit\u00e9. L&#8217;\u00e9puisement professionnel peut avoir de graves cons\u00e9quences tant pour l&#8217;individu que pour l&#8217;organisation. S&#8217;il n&#8217;est pas ma\u00eetris\u00e9, il peut conduire \u00e0 l&#8217;absent\u00e9isme, au pr\u00e9sent\u00e9isme, \u00e0 une baisse de productivit\u00e9 et m\u00eame \u00e0 la perte d&#8217;emploi.<\/p>\n<h3>Le nombre de cas de burn-out ne cesse d&#8217;augmenter en France<\/h3>\n<p>En mai 2021, on a constat\u00e9 une augmentation de 25% du nombre de burn-out s\u00e9v\u00e8res par rapport \u00e0 l&#8217;ann\u00e9e pr\u00e9c\u00e9dente. Cette tendance devrait se poursuivre car de plus en plus de personnes se trouvent dans l&#8217;incapacit\u00e9 de faire face aux exigences de leur travail.<\/p>\n<h3>Les managers ne sont pas non plus \u00e0 l&#8217;abri du burn-out<\/h3>\n<p>En fait, 18 % des cadres en France souffrent actuellement d&#8217;\u00e9puisement professionnel. Ce probl\u00e8me touche aussi bien les hommes que les femmes, bien que les femmes soient plus susceptibles d&#8217;\u00eatre affect\u00e9es que les hommes (44% contre 33%).<\/p>\n<h3>Que fait-on pour lutter contre ce probl\u00e8me croissant ?<\/h3>\n<p>Le gouvernement fran\u00e7ais a mis en place un certain nombre de mesures pour aider les employ\u00e9s qui luttent contre le burn-out. Il s&#8217;agit notamment des mesures suivantes :<\/p>\n<ul>\n<li>Fournir un soutien financier aux employ\u00e9s qui ont besoin de s&#8217;absenter du travail en raison d&#8217;un \u00e9puisement professionnel<\/li>\n<li>Offrir des conseils et un soutien psychologique aux personnes touch\u00e9es par l&#8217;\u00e9puisement professionnel<\/li>\n<li>Collaborer avec les entreprises pour promouvoir de meilleures conditions de travail et pr\u00e9venir l&#8217;\u00e9puisement professionnel<\/li>\n<\/ul>\n<p>Ce ne sont l\u00e0 que quelques-unes des mesures prises pour lutter contre l&#8217;\u00e9puisement professionnel en France. Il est clair qu&#8217;il faut faire plus pour aider les personnes touch\u00e9es par ce probl\u00e8me. Mais il est encourageant de voir que le gouvernement prend cette question au s\u00e9rieux et s&#8217;efforce de trouver des solutions.<\/p>\n<blockquote><p>Pensez-vous que ces mesures seront efficaces pour lutter contre l&#8217;\u00e9puisement professionnel ? Faites-le nous savoir dans les commentaires ci-dessous. Et si vous \u00eates aux prises avec le burn-out, n&#8217;h\u00e9sitez pas \u00e0 demander de l&#8217;aide. Il existe de nombreuses ressources \u00e0 votre disposition. N&#8217;oubliez pas que vous n&#8217;\u00eates pas seul dans cette lutte.<\/p>\n<p>Je suis vraiment curieuse de savoir ce que vous pensez de ces mesures ? Pensez-vous qu&#8217;elles auront un impact r\u00e9el ? J&#8217;aimerais conna\u00eetre votre avis dans les commentaires ! \ud83d\ude42<\/p><\/blockquote>\n<p><strong>Ressources :<\/strong> <a href=\"https:\/\/travail-emploi.gouv.fr\/IMG\/pdf\/Exe_Burnout_21-05-2015_version_internet.pdf\" target=\"_blank\" rel=\"noopener\">Le syndrome d&#8217;\u00e9puisement professionnel ou burnout<\/a> (document \u00e0 t\u00e9l\u00e9charger)<br \/>\nD\u00e9l\u00e9gation \u00e0 l\u2019information et \u00e0 la communication (DICOM), Minist\u00e8re du Travail, de l\u2019Emploi, de la Formation professionnelle et du Dialogue social<\/p>\n<p>Cr\u00e9dit : Photo de <a href=\"https:\/\/www.pexels.com\/fr-fr\/photo\/burnout-fatigue-travailleur-employe-6837645\/\" target=\"_blank\" rel=\"noopener\">Nataliya Vaitkevich sur Pexels<\/a>:<\/p>","protected":false},"excerpt":{"rendered":"<p>En France, on estime que 2,55 millions de salari\u00e9s sont touch\u00e9s par le l&#8217;\u00e9puisement professionnel s\u00e9v\u00e8re Ce chiffre va continuer \u00e0 augmenter dans les ann\u00e9es \u00e0 venir, car de plus en plus de personnes ont du mal \u00e0 r\u00e9pondre aux [&hellip;]<\/p>\n","protected":false},"author":30,"featured_media":27526,"comment_status":"open","ping_status":"open","sticky":false,"template":"","format":"standard","meta":{"_acf_changed":false,"footnotes":""},"categories":[318,321],"tags":[],"class_list":["post-27525","post","type-post","status-publish","format-standard","has-post-thumbnail","hentry","category-manager-rh","category-talent-candidat"],"acf":[],"_links":{"self":[{"href":"https:\/\/www.digirocks.fr\/en\/wp-json\/wp\/v2\/posts\/27525","targetHints":{"allow":["GET"]}}],"collection":[{"href":"https:\/\/www.digirocks.fr\/en\/wp-json\/wp\/v2\/posts"}],"about":[{"href":"https:\/\/www.digirocks.fr\/en\/wp-json\/wp\/v2\/types\/post"}],"author":[{"embeddable":true,"href":"https:\/\/www.digirocks.fr\/en\/wp-json\/wp\/v2\/users\/30"}],"replies":[{"embeddable":true,"href":"https:\/\/www.digirocks.fr\/en\/wp-json\/wp\/v2\/comments?post=27525"}],"version-history":[{"count":1,"href":"https:\/\/www.digirocks.fr\/en\/wp-json\/wp\/v2\/posts\/27525\/revisions"}],"predecessor-version":[{"id":27871,"href":"https:\/\/www.digirocks.fr\/en\/wp-json\/wp\/v2\/posts\/27525\/revisions\/27871"}],"wp:featuredmedia":[{"embeddable":true,"href":"https:\/\/www.digirocks.fr\/en\/wp-json\/wp\/v2\/media\/27526"}],"wp:attachment":[{"href":"https:\/\/www.digirocks.fr\/en\/wp-json\/wp\/v2\/media?parent=27525"}],"wp:term":[{"taxonomy":"category","embeddable":true,"href":"https:\/\/www.digirocks.fr\/en\/wp-json\/wp\/v2\/categories?post=27525"},{"taxonomy":"post_tag","embeddable":true,"href":"https:\/\/www.digirocks.fr\/en\/wp-json\/wp\/v2\/tags?post=27525"}],"curies":[{"name":"wp","href":"https:\/\/api.w.org\/{rel}","templated":true}]}}