{"id":27606,"date":"2023-01-05T08:40:12","date_gmt":"2023-01-05T08:40:12","guid":{"rendered":"https:\/\/www.digirocks.fr\/francais-ne-travaillent-pas-assez\/"},"modified":"2023-04-28T16:24:26","modified_gmt":"2023-04-28T16:24:26","slug":"francais-ne-travaillent-pas-assez","status":"publish","type":"post","link":"https:\/\/www.digirocks.fr\/en\/francais-ne-travaillent-pas-assez\/","title":{"rendered":"Les Fran\u00e7ais ne travaillent pas assez ? Ce n&#8217;est pas juste une question&#8230;"},"content":{"rendered":"<h2>&#8220;Les Fran\u00e7ais ne travaillent pas assez !&#8221;.<\/h2>\n<p>\u00c7a va \u00eatre la ritournelle des prochaines semaines et de la bataille des retraites. Mais Xerfi a fait le point dans la vid\u00e9o ci-dessous. Et c&#8217;est limpide, malgr\u00e9, comment dire, un ton tr\u00e8s &#8220;cravat\u00e9&#8221; (je crois qu&#8217;\u00e0 la D\u00e9fense on s&#8217;habille encore comme \u00e7a !).<\/p>\n<p>Straight to the point : NON un travailleur fran\u00e7ais ne bosse pas moins que ses voisins europ\u00e9ens, sp\u00e9cifiquement Allemands, Hollandais ou &#8220;scandinaves&#8221;. Si on tient compte de tout, donc en incluant les travailleurs \u00e0 temps partiel, les ind\u00e9pendants, les jours de cong\u00e9s, les RTT et autres 8 mai (peu f\u00eat\u00e9 en Allemagne), un actif occup\u00e9 en France travaille 1 511 heures\/an, \u00e0 peu pr\u00e8s comme au UK (1 537 heures), mais 5% de plus qu\u2019au Pays-Bas et 9% de plus qu\u2019en Allemagne (1 383 heures) !<\/p>\n<h2>Savoir si les Fran\u00e7ais ne travaillent pas assez<\/h2>\n<p>C&#8217;est analyser le probl\u00e8me suppos\u00e9ment fran\u00e7ais de la productivit\u00e9 (valeur\/temps), mais qu&#8217;il ne faut pas consid\u00e9rer comme une moyenne. Pour r\u00e9pondre avec justesse, c\u2019est le taux d\u2019emploi aux extr\u00e9mit\u00e9s de la courbe d&#8217;\u00e2ges qu&#8217;il faut regarder de pr\u00e8s : chez les moins de 25 ans et chez les plus de 55 ans, moins de personnes sont en <a href=\"https:\/\/www.digirocks.fr\/en\/comment-fideliser-talents\/\">emploi<\/a> que chez nos voisins.<\/p>\n<p>On peut l\u00e9gitimement douter de l\u2019effet de l\u2019allongement de la dur\u00e9e de cotisation n\u00e9cessaire sur la correction de cette faiblesse \u2013 bien av\u00e9r\u00e9e, elle \u2013 de l\u2019\u00e9conomie fran\u00e7aise.<\/p>\n<h3>Une autre id\u00e9e re\u00e7ue ? La productivit\u00e9 du travailleur fran\u00e7ais<\/h3>\n<p>17% sup\u00e9rieure \u00e0 celle du travailleur allemand (et \u00e0 la moyenne europ\u00e9enne). Source : Eurostat 2019<\/p>\n<p><iframe title=\"vimeo-player\" src=\"https:\/\/player.vimeo.com\/video\/643515966?h=787fe415a6\" width=\"640\" height=\"360\" frameborder=\"0\" allowfullscreen=\"allowfullscreen\"><\/iframe><\/p>\n<h3><a href=\"https:\/\/www.xerficanal.com\/economie\/emission\/Alexandre-Mirlicourtois-Les-Francais-travaillent-ils-vraiment-moins-que-les-autres-Europeens-_3750167.html\" target=\"_blank\" rel=\"noopener\">Article XERFI &#8220;Les Fran\u00e7ais travaillent-ils vraiment moins que les autres Europ\u00e9ens ?<\/a><\/h3>","protected":false},"excerpt":{"rendered":"<p>&#8220;Les Fran\u00e7ais ne travaillent pas assez !&#8221;. \u00c7a va \u00eatre la ritournelle des prochaines semaines et de la bataille des retraites. Mais Xerfi a fait le point dans la vid\u00e9o ci-dessous. Et c&#8217;est limpide<\/p>","protected":false},"author":30,"featured_media":27607,"comment_status":"open","ping_status":"open","sticky":false,"template":"","format":"standard","meta":{"_acf_changed":false,"footnotes":""},"categories":[38],"tags":[],"class_list":["post-27606","post","type-post","status-publish","format-standard","has-post-thumbnail","hentry","category-ressources"],"acf":[],"_links":{"self":[{"href":"https:\/\/www.digirocks.fr\/en\/wp-json\/wp\/v2\/posts\/27606","targetHints":{"allow":["GET"]}}],"collection":[{"href":"https:\/\/www.digirocks.fr\/en\/wp-json\/wp\/v2\/posts"}],"about":[{"href":"https:\/\/www.digirocks.fr\/en\/wp-json\/wp\/v2\/types\/post"}],"author":[{"embeddable":true,"href":"https:\/\/www.digirocks.fr\/en\/wp-json\/wp\/v2\/users\/30"}],"replies":[{"embeddable":true,"href":"https:\/\/www.digirocks.fr\/en\/wp-json\/wp\/v2\/comments?post=27606"}],"version-history":[{"count":1,"href":"https:\/\/www.digirocks.fr\/en\/wp-json\/wp\/v2\/posts\/27606\/revisions"}],"predecessor-version":[{"id":27913,"href":"https:\/\/www.digirocks.fr\/en\/wp-json\/wp\/v2\/posts\/27606\/revisions\/27913"}],"wp:featuredmedia":[{"embeddable":true,"href":"https:\/\/www.digirocks.fr\/en\/wp-json\/wp\/v2\/media\/27607"}],"wp:attachment":[{"href":"https:\/\/www.digirocks.fr\/en\/wp-json\/wp\/v2\/media?parent=27606"}],"wp:term":[{"taxonomy":"category","embeddable":true,"href":"https:\/\/www.digirocks.fr\/en\/wp-json\/wp\/v2\/categories?post=27606"},{"taxonomy":"post_tag","embeddable":true,"href":"https:\/\/www.digirocks.fr\/en\/wp-json\/wp\/v2\/tags?post=27606"}],"curies":[{"name":"wp","href":"https:\/\/api.w.org\/{rel}","templated":true}]}}