{"id":27608,"date":"2023-01-05T10:36:14","date_gmt":"2023-01-05T10:36:14","guid":{"rendered":"https:\/\/www.digirocks.fr\/ma-bonne-resolution-2023-travailler-moins-%f0%9f%98%9c\/"},"modified":"2025-09-04T18:16:16","modified_gmt":"2025-09-04T18:16:16","slug":"ma-bonne-resolution-2023-travailler-moins-%f0%9f%98%9c","status":"publish","type":"post","link":"https:\/\/www.digirocks.fr\/en\/ma-bonne-resolution-2023-travailler-moins-\ud83d\ude1c\/","title":{"rendered":"Ma bonne r\u00e9solution 2023 :\u00a0Travailler moins"},"content":{"rendered":"<h2>Ma bonne r\u00e9solution 2023 :\u00a0Travailler moins<\/h2>\n<p>2022 \u00e9tait une ann\u00e9e un peu folle. J\u2019ai cumul\u00e9 les r\u00f4les : tant\u00f4t recruteuse, tant\u00f4t COO, tant\u00f4t PO, tant\u00f4t content manager\u2026<\/p>\n<p>J\u2019ai beaucoup donn\u00e9 et je me suis parfois br\u00fbl\u00e9 les ailes<\/p>\n<p>Mais si c\u2019\u00e9tait \u00e0 refaire je le referai car je suis fi\u00e8re du chemin parcouru par\u00a0<a href=\"https:\/\/www.linkedin.com\/company\/digirocks\/\" data-attribute-index=\"0\" data-entity-hovercard-id=\"urn:li:fs_miniCompany:10206073\" data-entity-type=\"MINI_COMPANY\" target=\"_blank\" rel=\"noopener\">digiRocks recrute &#x2705;<\/a>\u00a0en une ann\u00e9e, sous notre impulsion \u00e0\u00a0<a href=\"https:\/\/www.linkedin.com\/in\/ACoAAAABvKgBlmVYVxMrUuehFewLrXZpn-c0wJg\" data-attribute-index=\"2\" data-entity-hovercard-id=\"urn:li:fs_miniProfile:ACoAAAABvKgBlmVYVxMrUuehFewLrXZpn-c0wJg\" data-entity-type=\"MINI_PROFILE\" target=\"_blank\" rel=\"noopener\">Jean-Patrick<\/a>\u00a0et moi.<\/p>\n<p>J\u2019assume ce choix 2022 mais \u00e7a ne veut pas dire que je fais le m\u00eame pour 2023<\/p>\n<h3>Sur le long terme \u00e7a ne tient pas<\/h3>\n<ul>\n<li>Alors je vais\u00a0<a href=\"https:\/\/www.linkedin.com\/feed\/hashtag\/?keywords=travaillermoins&amp;highlightedUpdateUrns=urn%3Ali%3Aactivity%3A7016316325253779456\" data-attribute-index=\"4\" target=\"_blank\" rel=\"noopener\">#travaillermoins<\/a><\/li>\n<li>Enfin surtout je vais\u00a0<a href=\"https:\/\/www.linkedin.com\/feed\/hashtag\/?keywords=travaillermieux&amp;highlightedUpdateUrns=urn%3Ali%3Aactivity%3A7016316325253779456\" data-attribute-index=\"5\" target=\"_blank\" rel=\"noopener\">#travaillermieux<\/a><\/li>\n<li>Objectif : 50h par semaine<\/li>\n<\/ul>\n<h3>Pour cela, je vais continuer de hacker mon organisation :<\/h3>\n<p>&#x2714;&#xfe0f; D\u00e9finir mes OKR au trimestre<br \/>\nEt les d\u00e9composer en sous-objectifs<\/p>\n<p>&#x2714;&#xfe0f; D\u00e9finir des objectifs \u00e0 la semaine<br \/>\nEt organiser mon agenda autour de ses priorit\u00e9s<\/p>\n<p>&#x2714;&#xfe0f; Ne pas blinder mon agenda de t\u00e2ches (<a href=\"https:\/\/www.linkedin.com\/feed\/hashtag\/?keywords=badhabit&amp;highlightedUpdateUrns=urn%3Ali%3Aactivity%3A7016316325253779456\" data-attribute-index=\"6\" target=\"_blank\" rel=\"noopener\">#badhabit<\/a>)<br \/>\nLaisser de la place pour les mails, les calls, les impr\u00e9vus<\/p>\n<p>&#x2714;&#xfe0f; Me tenir \u00e0 mon agenda (le plus dur pour moi)<br \/>\nUne t\u00e2che qui n&#8217;est pas \u00e0 l&#8217;agenda n&#8217;existe pas !<\/p>\n<p>&#x2714;&#xfe0f; Limiter les distractions (pas facile non plus !)<br \/>\n2 sessions par jour de lecture de mails \/ Slack<\/p>\n<p>&#x2714;&#xfe0f; Planifier aussi le perso (c&#8217;est important)<br \/>\nSport, kids time, lecture&#8230;<\/p>\n<p>Let&#8217;s go 2023<\/p>\n<h3>On fait le bilan dans quelques mois !<\/h3>\n<h2>Et toi c&#8217;est quoi ta bonne r\u00e9solution 2023 ?<\/h2>","protected":false},"excerpt":{"rendered":"<p>Ma bonne r\u00e9solution 2023 :\u00a0Travailler moins 2022 \u00e9tait une ann\u00e9e un peu folle. J\u2019ai cumul\u00e9 les r\u00f4les : tant\u00f4t recruteuse, tant\u00f4t COO, tant\u00f4t PO, tant\u00f4t content manager\u2026 J\u2019ai beaucoup donn\u00e9 et je me suis parfois br\u00fbl\u00e9 les ailes Mais si [&hellip;]<\/p>\n","protected":false},"author":30,"featured_media":27609,"comment_status":"open","ping_status":"open","sticky":false,"template":"","format":"standard","meta":{"_acf_changed":false,"footnotes":""},"categories":[318,321],"tags":[],"class_list":["post-27608","post","type-post","status-publish","format-standard","has-post-thumbnail","hentry","category-manager-rh","category-talent-candidat"],"acf":[],"_links":{"self":[{"href":"https:\/\/www.digirocks.fr\/en\/wp-json\/wp\/v2\/posts\/27608","targetHints":{"allow":["GET"]}}],"collection":[{"href":"https:\/\/www.digirocks.fr\/en\/wp-json\/wp\/v2\/posts"}],"about":[{"href":"https:\/\/www.digirocks.fr\/en\/wp-json\/wp\/v2\/types\/post"}],"author":[{"embeddable":true,"href":"https:\/\/www.digirocks.fr\/en\/wp-json\/wp\/v2\/users\/30"}],"replies":[{"embeddable":true,"href":"https:\/\/www.digirocks.fr\/en\/wp-json\/wp\/v2\/comments?post=27608"}],"version-history":[{"count":2,"href":"https:\/\/www.digirocks.fr\/en\/wp-json\/wp\/v2\/posts\/27608\/revisions"}],"predecessor-version":[{"id":58959,"href":"https:\/\/www.digirocks.fr\/en\/wp-json\/wp\/v2\/posts\/27608\/revisions\/58959"}],"wp:featuredmedia":[{"embeddable":true,"href":"https:\/\/www.digirocks.fr\/en\/wp-json\/wp\/v2\/media\/27609"}],"wp:attachment":[{"href":"https:\/\/www.digirocks.fr\/en\/wp-json\/wp\/v2\/media?parent=27608"}],"wp:term":[{"taxonomy":"category","embeddable":true,"href":"https:\/\/www.digirocks.fr\/en\/wp-json\/wp\/v2\/categories?post=27608"},{"taxonomy":"post_tag","embeddable":true,"href":"https:\/\/www.digirocks.fr\/en\/wp-json\/wp\/v2\/tags?post=27608"}],"curies":[{"name":"wp","href":"https:\/\/api.w.org\/{rel}","templated":true}]}}