{"id":27612,"date":"2023-01-06T11:59:58","date_gmt":"2023-01-06T11:59:58","guid":{"rendered":"https:\/\/www.digirocks.fr\/calendrier-jours-feries-2023\/"},"modified":"2025-09-04T18:15:31","modified_gmt":"2025-09-04T18:15:31","slug":"calendrier-jours-feries-2023","status":"publish","type":"post","link":"https:\/\/www.digirocks.fr\/en\/calendrier-jours-feries-2023\/","title":{"rendered":"\u201cCalendrier jours f\u00e9ri\u00e9s 2023\u201d, comment maximiser ses cong\u00e9s en 2023"},"content":{"rendered":"<h2>\u201c<strong>Calendrier jours f\u00e9ri\u00e9s 2023\u201d est en t\u00eate sur Google cette semaine !<\/strong><\/h2>\n<h3>La question c&#8217;est de maximiser ses cong\u00e9s en 2023<\/h3>\n<p>Avec <a href=\"https:\/\/www.digirocks.fr\/en\/optimisme-mantra-2023\/\">l&#8217;ann\u00e9e 2023<\/a> qui se profile \u00e0 l&#8217;horizon, il est temps de commencer \u00e0 penser \u00e0 la mani\u00e8re dont nous pouvons optimiser au mieux notre temps de cong\u00e9 l&#8217;an prochain. Comme l&#8217;illustre le nombre grandissant de requ\u00eates Google sur le sujet, c&#8217;est un sujet tr\u00e8s populaire : &#8220;comment maximiser mes cong\u00e9s 2023 ?&#8221;. Examinons comment maximiser nos cong\u00e9s en 2023 en abordant trois sujets cl\u00e9s :<\/p>\n<ul>\n<li>planifier \u00e0 l&#8217;avance,<\/li>\n<li>organiser un calendrier flexible et<\/li>\n<li>choisir des destinations de voyage accessibles.<\/li>\n<\/ul>\n<h3>Planifier \u00e0 l&#8217;avance<\/h3>\n<p>Planifier \u00e0 l&#8217;avance est essentiel pour maximiser ses cong\u00e9s en 2023. Il est important de d\u00e9finir un calendrier de cong\u00e9s et de le tenir \u00e0 jour. Il est \u00e9galement important de v\u00e9rifier les dates des jours f\u00e9ri\u00e9s lors de la planification des cong\u00e9s. De plus, si vous planifiez des voyages \u00e0 l&#8217;\u00e9tranger, assurez-vous de v\u00e9rifier les conditions sp\u00e9cifiques et les restrictions de voyage.<\/p>\n<h3>Organiser un calendrier flexible<\/h3>\n<p>Une fois que vous avez planifi\u00e9 \u00e0 l&#8217;avance vos jours de cong\u00e9, il est important de disposer d&#8217;un calendrier flexible pour pouvoir en profiter. Cela signifie qu&#8217;il est important de prendre des cong\u00e9s plus longs, mais aussi de fractionner les cong\u00e9s plus courts. Dans la mesure du possible, \u00e9vitez \u00e9galement de prendre des cong\u00e9s en blocs cons\u00e9cutifs.<\/p>\n<h3>Choisir des destinations de voyage accessibles<\/h3>\n<p>Enfin, pour maximiser ses cong\u00e9s en 2023, il est important de choisir des destinations qui sont faciles d&#8217;acc\u00e8s et qui sont abordables. Les voyages \u00e0 l&#8217;\u00e9tranger peuvent \u00eatre excitants, mais il est pr\u00e9f\u00e9rable de choisir des destinations qui sont relativement proches et \u00e0 la port\u00e9e de votre budget.<\/p>\n<h3>Alors, pr\u00eat \u00e0 maximiser votre Calendrier jours f\u00e9ri\u00e9s 2023 ?<\/h3>\n<p>Si vous souhaitez maximiser vos cong\u00e9s en 2023, il est important de planifier \u00e0 l&#8217;avance, d&#8217;organiser un calendrier flexible et de choisir des destinations de voyage accessibles. En suivant ces conseils, vous pourrez profiter pleinement de vos cong\u00e9s l&#8217;an prochain.<\/p>\n<p>&nbsp;<\/p>\n<h2>&#x27a1;&#xfe0f;Astuces : maximiser ma prise de cong\u00e9s en planifiant mes prochaines vacances 2023.<\/h2>\n<p>Planifiez vos cong\u00e9s, et maximisez vos jours de repos : en posant <strong>25 jours de cong\u00e9s, il sera possible d\u2019obtenir pas moins de 59 jours de repos<\/strong>.<\/p>\n<h3>Pour profiter au mieux des vacances, il faudra viser principalement les mois de mai et de novembre.<\/h3>\n<ul>\n<li>en avril, vous pourrez avoir 9 jours de repos d&#8217;affil\u00e9 en ne posant que 4 jours gr\u00e2ce au lundi de P\u00e2ques, le 10 avril.<\/li>\n<li>au mois de mai, jours f\u00e9ri\u00e9s le <strong>1er (Armistice)<\/strong>, le <strong>8 (f\u00eate du travail)<\/strong> et le <strong>29 mai (Pentec\u00f4te)<\/strong> tombent un lundi. Il suffit de poser des jours de cong\u00e9 du mardi 2 au vendredi 5 mai, ou du mardi 9 au vendredi 12 mai, ou encore du mardi 30 mai au vendredi 2 juin (4 jours), vous donnant ainsi la possibilit\u00e9 de b\u00e9n\u00e9ficier de huit jours de repos. En mai toujours, <strong>Ascension jeudi 18 mai<\/strong> vous permettre de faire le pont.<\/li>\n<\/ul>\n<p>Capital : <strong><a href=\"https:\/\/www.capital.fr\/votre-carriere\/conges-payes-dans-quelles-conditions-pouvez-vous-reporter-vos-jours-non-pris-apres-le-31-mai-1437001\" target=\"_blank\" rel=\"noopener\">Cong\u00e9s pay\u00e9s : dans quelles conditions pouvez-vous reporter vos jours non pris apr\u00e8s le 31 mai\u00a0?<\/a><\/strong><\/p>\n<h2><strong>Visez des week-ends de cinq jours en novembre<\/strong><\/h2>\n<ul>\n<li>Cet \u00e9t\u00e9 est \u00e9galement plac\u00e9 sous le signe de l\u2019optimisation. Le <strong>14 juillet, F\u00eate nationale<\/strong> tombe un vendredi, comme <strong>l\u2019Assomption mardi 15 ao\u00fbt<\/strong> f\u00e9ri\u00e9.<\/li>\n<li>En novembre, la <strong>Toussaint mercredi 1er<\/strong>, poser deux jours (lundi 30 et mardi 31 octobre ou jeudi 2 et vendredi 3 novembre) vous octroiera cinq jours de cong\u00e9s. Les plus gourmands pourront m\u00eame tenter de convaincre leur patron de leur accorder les 4 jours afin de faire un grand chelem et de s&#8217;offrir neuf jours de vacances.<\/li>\n<li>F\u00eates de fin d&#8217;ann\u00e9e 2023 : <strong>10 jours de vacances pour 4 jours de cong\u00e9s<\/strong>, c\u2019est royal ! <strong>No\u00ebl et le jour de l&#8217;An tombent un lundi.<\/strong> Des cong\u00e9s du mardi 26 au vendredi 29 d\u00e9cembre inclus donnent 10 jours continus de repos.<\/li>\n<\/ul>\n<h3>L\u2019ann\u00e9e de cong\u00e9s 2023 s\u2019annonce optimale !<\/h3>\n<h4>A lire sur <a href=\"http:\/\/Capital.fr\" target=\"_blank\" rel=\"noopener\">Capital.fr <\/a><a href=\"https:\/\/www.capital.fr\/economie-politique\/voici-les-jours-conge-poser-pour-avoir-plus-vacances-possible-en-2023-1454045\" target=\"_blank\" rel=\"noopener\">https:\/\/www.capital.fr\/economie-politique\/voici-les-jours-conge-poser-pour-avoir-plus-vacances-possible-en-2023-1454045<\/a><\/h4>","protected":false},"excerpt":{"rendered":"<p>\u201cCalendrier jours f\u00e9ri\u00e9s 2023\u201d est en t\u00eate sur Google cette semaine !<br \/>\nLa question c&#8217;est de maximiser ses cong\u00e9s en 2023<\/p>\n<p>Avec l&#8217;ann\u00e9e 2023 qui se profile \u00e0 l&#8217;horizon, il est temps de commencer \u00e0 penser \u00e0 la mani\u00e8re dont nous pouvons optimiser au mieux notre temps de cong\u00e9 l&#8217;an prochain.<\/p>","protected":false},"author":30,"featured_media":27613,"comment_status":"open","ping_status":"open","sticky":false,"template":"","format":"standard","meta":{"_acf_changed":false,"footnotes":""},"categories":[38],"tags":[],"class_list":["post-27612","post","type-post","status-publish","format-standard","has-post-thumbnail","hentry","category-ressources"],"acf":[],"_links":{"self":[{"href":"https:\/\/www.digirocks.fr\/en\/wp-json\/wp\/v2\/posts\/27612","targetHints":{"allow":["GET"]}}],"collection":[{"href":"https:\/\/www.digirocks.fr\/en\/wp-json\/wp\/v2\/posts"}],"about":[{"href":"https:\/\/www.digirocks.fr\/en\/wp-json\/wp\/v2\/types\/post"}],"author":[{"embeddable":true,"href":"https:\/\/www.digirocks.fr\/en\/wp-json\/wp\/v2\/users\/30"}],"replies":[{"embeddable":true,"href":"https:\/\/www.digirocks.fr\/en\/wp-json\/wp\/v2\/comments?post=27612"}],"version-history":[{"count":2,"href":"https:\/\/www.digirocks.fr\/en\/wp-json\/wp\/v2\/posts\/27612\/revisions"}],"predecessor-version":[{"id":58958,"href":"https:\/\/www.digirocks.fr\/en\/wp-json\/wp\/v2\/posts\/27612\/revisions\/58958"}],"wp:featuredmedia":[{"embeddable":true,"href":"https:\/\/www.digirocks.fr\/en\/wp-json\/wp\/v2\/media\/27613"}],"wp:attachment":[{"href":"https:\/\/www.digirocks.fr\/en\/wp-json\/wp\/v2\/media?parent=27612"}],"wp:term":[{"taxonomy":"category","embeddable":true,"href":"https:\/\/www.digirocks.fr\/en\/wp-json\/wp\/v2\/categories?post=27612"},{"taxonomy":"post_tag","embeddable":true,"href":"https:\/\/www.digirocks.fr\/en\/wp-json\/wp\/v2\/tags?post=27612"}],"curies":[{"name":"wp","href":"https:\/\/api.w.org\/{rel}","templated":true}]}}