{"id":27622,"date":"2023-01-17T08:44:52","date_gmt":"2023-01-17T08:44:52","guid":{"rendered":"https:\/\/www.digirocks.fr\/comment-vais-je-recruter-en-2023\/"},"modified":"2025-09-04T18:10:48","modified_gmt":"2025-09-04T18:10:48","slug":"comment-vais-je-recruter-en-2023","status":"publish","type":"post","link":"https:\/\/www.digirocks.fr\/en\/comment-vais-je-recruter-en-2023\/","title":{"rendered":"&#8220;Millenials, Metaverse, IA ? Comment vais-je recruter en 2023 ?&#8221; DIGI APERO &#038; TALK du 26 janvier \u00e0 18:30"},"content":{"rendered":"<div class=\"feed-shared-update-v2__description-wrapper\" tabindex=\"-1\">\n<div class=\"feed-shared-inline-show-more-text feed-shared-update-v2__description feed-shared-inline-show-more-text--minimal-padding feed-shared-inline-show-more-text--expanded\" tabindex=\"-1\" data-artdeco-is-focused=\"true\">\n<p class=\"update-components-text relative feed-shared-update-v2__commentary\" dir=\"ltr\"><span class=\"break-words\"><span dir=\"ltr\"><strong>&#8220;Millenials, Metaverse, IA ? Comment vais-je recruter en 2023 ?&#8221;<\/strong>, c&#8217;est le sujet br\u00fblant de la rentr\u00e9e que de comprendre comment le recrutement va \u00e9voluer dans les mois qui viennent.<\/span><\/span><\/p>\n<figure id=\"attachment_11289\" aria-describedby=\"caption-attachment-11289\" style=\"width: 240px\" class=\"wp-caption alignright\"><img fetchpriority=\"high\" decoding=\"async\" class=\"size-medium wp-image-11289\" src=\"https:\/\/www.digirocks.fr\/wp-content\/uploads\/2023\/01\/le-five-bar-240x300.jpg\" alt=\"Le Five Bar - digirocks 26 janvier 2023\" width=\"240\" height=\"300\" title=\"\"><figcaption id=\"caption-attachment-11289\" class=\"wp-caption-text\">Le five bar &#8211; digirocks 26 janvier 2023<\/figcaption><\/figure>\n<div class=\"update-components-text relative feed-shared-update-v2__commentary\" dir=\"ltr\"><span class=\"break-words\"><span dir=\"ltr\">\u00a0<a href=\"https:\/\/www.digirocks.fr\/en\/digital-professions\/\">digiRocks<\/a> vous invite \u00e0 une <strong>Table ronde et un ap\u00e9ritif convivial le 26 janvier \u00e0 18:30<\/strong><br \/>\n\u00e0 la belle adresse suivante :<\/span><\/span><\/div>\n<blockquote>\n<h3 class=\"update-components-text relative feed-shared-update-v2__commentary\" dir=\"ltr\"><span class=\"break-words\"><span dir=\"ltr\">Le Five bar &#8211; 5, rue St Sulpice 75006 Paris. <a href=\"https:\/\/goo.gl\/maps\/ohiBXwQKmMeGyvWh7\" target=\"_blank\" rel=\"noopener\">PLAN<\/a><\/span><\/span><\/h3>\n<\/blockquote>\n<div dir=\"ltr\"><\/div>\n<div class=\"update-components-text relative feed-shared-update-v2__commentary\" dir=\"ltr\">\n<p><a href=\"https:\/\/fr.wikipedia.org\/wiki\/Vinvin\" target=\"_blank\" rel=\"noopener\"><span class=\"break-words\"><span class=\"break-words\"><span dir=\"ltr\"><strong>Cyrille de Lasteyrie<\/strong>, aka @VINVIN<\/span><\/span><\/span><\/a><span class=\"break-words\"><span dir=\"ltr\"> lancera le d\u00e9bat par un Hors-Sujet dont il a le secret <\/span><\/span><\/p>\n<\/div>\n<div dir=\"ltr\"><\/div>\n<div class=\"update-components-text relative feed-shared-update-v2__commentary\" dir=\"ltr\"><span class=\"break-words\"><span class=\"break-words\"><span dir=\"ltr\">Nous passerons ensuite \u00e0 la Table Ronde &#8220;<strong>Millenials, Metaverse, IA ? Comment vais-je recruter en 2023 ?<\/strong>&#8220;<\/span><\/span><\/span><span class=\"break-words\"><span dir=\"ltr\">avec les Expertes <a href=\"https:\/\/www.linkedin.com\/feed\/hashtag\/?keywords=digirocks&amp;highlightedUpdateUrns=urn%3Ali%3Aactivity%3A7020760974278184960\" data-attribute-index=\"2\" target=\"_blank\" rel=\"noopener\">#digiRocks<\/a> :<\/span><\/span><\/div>\n<ul>\n<li><span class=\"break-words\"><span dir=\"ltr\"><a href=\"https:\/\/www.digirocks.fr\/en\/rockers\/ameline-le-barzic\/\">Ameline Le Barzic<\/a> &#8211; CCO,<\/span><\/span><\/li>\n<li><span class=\"break-words\"><span dir=\"ltr\"><a href=\"https:\/\/www.digirocks.fr\/en\/rockers\/nathalie\/\">Nathalie Mangin Collas<\/a> &#x2705; et<\/span><\/span><\/li>\n<li><span class=\"break-words\"><span dir=\"ltr\"><a href=\"https:\/\/www.digirocks.fr\/en\/rockers\/anne-sophie-jarrige\/\">Anne-Sophie Jarrige<\/a>\u00a0recruteuses de\u00a0<a href=\"https:\/\/www.linkedin.com\/feed\/hashtag\/?keywords=talents&amp;highlightedUpdateUrns=urn%3Ali%3Aactivity%3A7020760974278184960\" data-attribute-index=\"9\" target=\"_blank\" rel=\"noopener\">#Talents<\/a>.<\/span><\/span><\/li>\n<\/ul>\n<\/div>\n<\/div>\n<div class=\"update-components-image update-components-image--single-image feed-shared-update-v2__content\">\n<div class=\"relative\">\n<div class=\"update-components-image__container\">\n<div class=\"ivm-image-view-model\">\n<div class=\"ivm-view-attr__img-wrapper ivm-view-attr__img-wrapper--use-img-tag display-flex\">\n<h2 class=\"update-components-text relative feed-shared-update-v2__commentary\" dir=\"ltr\"><span class=\"break-words\"><span dir=\"ltr\"> RSVP ici :\u00a0<a href=\"http:\/\/bit.ly\/3w4ITCE\" data-attribute-index=\"10\" target=\"_blank\" rel=\"noopener\">bit.ly\/3w4ITCE<\/a><\/span><\/span><\/h2>\n<figure id=\"attachment_11298\" aria-describedby=\"caption-attachment-11298\" style=\"width: 300px\" class=\"wp-caption alignleft\"><img decoding=\"async\" class=\"size-medium wp-image-11298\" src=\"https:\/\/www.digirocks.fr\/wp-content\/uploads\/2023\/01\/APEROTALKdigirocks-300x300.png\" alt=\"Inscription au DIGI APERO &amp; TALK du 26 janvier \u00e0 18:30&quot;Millenials, Metaverse, IA ? Comment vais-je recruter en 2023 ?&quot; APERO &amp; TALK dans un lieu central (Le Five - 5, rue St Sulpice 75006 Paris) \u00e0 Paris. Vinvin lancera le d\u00e9bat par un Hors-Sujet dont il a le secret Talk avec les Expertes #digiRocks : Ameline LE BARZIC - CCO, Nathalie MANGIN-COLLAS et Anne-Sophie JARRIGE recruteuses de #Talents.\" width=\"300\" height=\"300\" title=\"\"><figcaption id=\"caption-attachment-11298\" class=\"wp-caption-text\">Digi apero &amp; talk du 26 janvier \u00e0 18:30<br \/>&#8220;millenials, metaverse, ia? Comment vais-je recruter en 2023? &#8221;<br \/>le five &#8211; 5, rue st sulpice 75006 paris<\/figcaption><\/figure>\n<\/div>\n<\/div>\n<\/div>\n<\/div>\n<\/div>","protected":false},"excerpt":{"rendered":"<p>&#8220;Millenials, Metaverse, IA ? Comment vais-je recruter en 2023 ?&#8221;, c&#8217;est le sujet br\u00fblant de la rentr\u00e9e que de comprendre comment le recrutement va \u00e9voluer dans les mois qui viennent. \u00a0digiRocks vous invite \u00e0 une Table ronde et un ap\u00e9ritif [&hellip;]<\/p>\n","protected":false},"author":30,"featured_media":27623,"comment_status":"open","ping_status":"open","sticky":false,"template":"","format":"standard","meta":{"_acf_changed":false,"footnotes":""},"categories":[38],"tags":[],"class_list":["post-27622","post","type-post","status-publish","format-standard","has-post-thumbnail","hentry","category-ressources"],"acf":[],"_links":{"self":[{"href":"https:\/\/www.digirocks.fr\/en\/wp-json\/wp\/v2\/posts\/27622","targetHints":{"allow":["GET"]}}],"collection":[{"href":"https:\/\/www.digirocks.fr\/en\/wp-json\/wp\/v2\/posts"}],"about":[{"href":"https:\/\/www.digirocks.fr\/en\/wp-json\/wp\/v2\/types\/post"}],"author":[{"embeddable":true,"href":"https:\/\/www.digirocks.fr\/en\/wp-json\/wp\/v2\/users\/30"}],"replies":[{"embeddable":true,"href":"https:\/\/www.digirocks.fr\/en\/wp-json\/wp\/v2\/comments?post=27622"}],"version-history":[{"count":2,"href":"https:\/\/www.digirocks.fr\/en\/wp-json\/wp\/v2\/posts\/27622\/revisions"}],"predecessor-version":[{"id":58954,"href":"https:\/\/www.digirocks.fr\/en\/wp-json\/wp\/v2\/posts\/27622\/revisions\/58954"}],"wp:featuredmedia":[{"embeddable":true,"href":"https:\/\/www.digirocks.fr\/en\/wp-json\/wp\/v2\/media\/27623"}],"wp:attachment":[{"href":"https:\/\/www.digirocks.fr\/en\/wp-json\/wp\/v2\/media?parent=27622"}],"wp:term":[{"taxonomy":"category","embeddable":true,"href":"https:\/\/www.digirocks.fr\/en\/wp-json\/wp\/v2\/categories?post=27622"},{"taxonomy":"post_tag","embeddable":true,"href":"https:\/\/www.digirocks.fr\/en\/wp-json\/wp\/v2\/tags?post=27622"}],"curies":[{"name":"wp","href":"https:\/\/api.w.org\/{rel}","templated":true}]}}