{"id":27626,"date":"2023-01-23T11:06:12","date_gmt":"2023-01-23T11:06:12","guid":{"rendered":"https:\/\/www.digirocks.fr\/digitour-lyon\/"},"modified":"2025-09-04T18:09:57","modified_gmt":"2025-09-04T18:09:57","slug":"digitour-lyon","status":"publish","type":"post","link":"https:\/\/www.digirocks.fr\/en\/digitour-lyon\/","title":{"rendered":"digiTour septembre 2022 \u00e0 Lyon &#8211; digiRocks After Movie"},"content":{"rendered":"<h2>digiTour septembre 2022 \u00e0 Lyon &#8211; digiRocks<\/h2>\n<h3>La semaine prochaine, c&#8217;est\u00a0<a href=\"https:\/\/www.linkedin.com\/feed\/hashtag\/?keywords=digitour&amp;highlightedUpdateUrns=urn%3Ali%3Aactivity%3A7021535562964619264\" data-attribute-index=\"0\" target=\"_blank\" rel=\"noopener\">#digiTour<\/a> janvier 23 \u00e0 Paris<\/h3>\n<p>Comme on est 15 \u00e0 travailler \u00e0 distance, on a besoin de se retrouver r\u00e9guli\u00e8rement<br \/>\nLa fois derni\u00e8re, en sept. 2022, c&#8217;\u00e9tait \u00e0 Lyon. On a gard\u00e9 des images (tr\u00e8s confidentielles, mais parfois il faut montrer le c\u00f4t\u00e9 cuisine )<\/p>\n<p>On doit nous voir tous\u00a0<a href=\"https:\/\/www.linkedin.com\/in\/ACoAAAFkD8ABXMEH6GOUAk5ullwQnKouSgP1bxs\" data-attribute-index=\"1\" data-entity-hovercard-id=\"urn:li:fs_miniProfile:ACoAAAFkD8ABXMEH6GOUAk5ullwQnKouSgP1bxs\" data-entity-type=\"MINI_PROFILE\" target=\"_blank\" rel=\"noopener\">Pierre Quatrefages<\/a>,\u00a0<a href=\"https:\/\/www.linkedin.com\/in\/ACoAAA3YzRcBxxw00t5-XmiNZadCbWBsRtpoK-U\" data-attribute-index=\"3\" data-entity-hovercard-id=\"urn:li:fs_miniProfile:ACoAAA3YzRcBxxw00t5-XmiNZadCbWBsRtpoK-U\" data-entity-type=\"MINI_PROFILE\" target=\"_blank\" rel=\"noopener\">Anne-Sophie Jarrige<\/a>,\u00a0<a href=\"https:\/\/www.linkedin.com\/in\/ACoAABar05kBJ-VYrmVWXaHNQSMhWyIZ4oXYkj0\" data-attribute-index=\"5\" data-entity-hovercard-id=\"urn:li:fs_miniProfile:ACoAABar05kBJ-VYrmVWXaHNQSMhWyIZ4oXYkj0\" data-entity-type=\"MINI_PROFILE\" target=\"_blank\" rel=\"noopener\">Emilie Dumas<\/a>,\u00a0<a href=\"https:\/\/www.linkedin.com\/in\/ACoAAABSD40BFxTisJLXGgvxaoxSkTHZoTo20Jw\" data-attribute-index=\"7\" data-entity-hovercard-id=\"urn:li:fs_miniProfile:ACoAAABSD40BFxTisJLXGgvxaoxSkTHZoTo20Jw\" data-entity-type=\"MINI_PROFILE\" target=\"_blank\" rel=\"noopener\">Nathalie Mangin Collas &#x2705;<\/a>,\u00a0<a href=\"https:\/\/www.linkedin.com\/in\/ACoAAAi1w9sB-gaBqtfFwMXnLWGaH7Tp9GfgffY\" data-attribute-index=\"9\" data-entity-hovercard-id=\"urn:li:fs_miniProfile:ACoAAAi1w9sB-gaBqtfFwMXnLWGaH7Tp9GfgffY\" data-entity-type=\"MINI_PROFILE\" target=\"_blank\" rel=\"noopener\">Ameline Le Barzic<\/a>,\u00a0<a href=\"https:\/\/www.linkedin.com\/in\/ACoAAAIP4mgB32ehBP7pDghVA7Z7HOoNkYKLdWI\" data-attribute-index=\"11\" data-entity-hovercard-id=\"urn:li:fs_miniProfile:ACoAAAIP4mgB32ehBP7pDghVA7Z7HOoNkYKLdWI\" data-entity-type=\"MINI_PROFILE\" target=\"_blank\" rel=\"noopener\">Youssef EL ATTAFI<\/a>,\u00a0<a href=\"https:\/\/www.linkedin.com\/in\/ACoAABfP4hsB6Y1ye25m0EoOa_8sF00hGap0Prs\" data-attribute-index=\"13\" data-entity-hovercard-id=\"urn:li:fs_miniProfile:ACoAABfP4hsB6Y1ye25m0EoOa_8sF00hGap0Prs\" data-entity-type=\"MINI_PROFILE\" target=\"_blank\" rel=\"noopener\">Arnaud Marandon<\/a>,\u00a0<a href=\"https:\/\/www.linkedin.com\/in\/ACoAAABKrukBIkMiZhu2juoog6gIYDKUvszrm3E\" data-attribute-index=\"15\" data-entity-hovercard-id=\"urn:li:fs_miniProfile:ACoAAABKrukBIkMiZhu2juoog6gIYDKUvszrm3E\" data-entity-type=\"MINI_PROFILE\" target=\"_blank\" rel=\"noopener\">Jean-Philippe Cluset &#x2714;<\/a>,\u00a0<a href=\"https:\/\/www.linkedin.com\/in\/ACoAAAO1kvkB3iQtKG5e-sJSUfaLVaZv5Ai4D2M\" data-attribute-index=\"17\" data-entity-hovercard-id=\"urn:li:fs_miniProfile:ACoAAAO1kvkB3iQtKG5e-sJSUfaLVaZv5Ai4D2M\" data-entity-type=\"MINI_PROFILE\" target=\"_blank\" rel=\"noopener\">J\u00e9r\u00e9my Coudert<\/a>,\u00a0<a href=\"https:\/\/www.linkedin.com\/in\/ACoAAA11FacB104xSu9WZhNxqlkPJv4S4ActjS8\" data-attribute-index=\"19\" data-entity-hovercard-id=\"urn:li:fs_miniProfile:ACoAAA11FacB104xSu9WZhNxqlkPJv4S4ActjS8\" data-entity-type=\"MINI_PROFILE\" target=\"_blank\" rel=\"noopener\">Marion Hamart<\/a>,\u00a0<a href=\"https:\/\/www.linkedin.com\/in\/ACoAABKqleIB_UR3WM6EtenaYcc406kjuEVGxg0\" data-attribute-index=\"21\" data-entity-hovercard-id=\"urn:li:fs_miniProfile:ACoAABKqleIB_UR3WM6EtenaYcc406kjuEVGxg0\" data-entity-type=\"MINI_PROFILE\" target=\"_blank\" rel=\"noopener\">Adeline Causs\u00e9<\/a>,\u00a0<a href=\"https:\/\/www.linkedin.com\/in\/ACoAAAABvKgBlmVYVxMrUuehFewLrXZpn-c0wJg\" data-attribute-index=\"23\" data-entity-hovercard-id=\"urn:li:fs_miniProfile:ACoAAAABvKgBlmVYVxMrUuehFewLrXZpn-c0wJg\" data-entity-type=\"MINI_PROFILE\" target=\"_blank\" rel=\"noopener\">Jean-Patrick Manzoni<\/a>,\u00a0<a href=\"https:\/\/www.linkedin.com\/in\/ACoAABqKF0MB057KT3_F2fMpAX71qcH4pUpzsF4\" data-attribute-index=\"25\" data-entity-hovercard-id=\"urn:li:fs_miniProfile:ACoAABqKF0MB057KT3_F2fMpAX71qcH4pUpzsF4\" data-entity-type=\"MINI_PROFILE\" target=\"_blank\" rel=\"noopener\">Benjamin Di Rienzo<\/a>,\u00a0<a href=\"https:\/\/www.linkedin.com\/in\/ACoAAAj8Bw8BNnWY8Mv4havrOIUOnXvo6-ZBYSk\" data-attribute-index=\"27\" data-entity-hovercard-id=\"urn:li:fs_miniProfile:ACoAAAj8Bw8BNnWY8Mv4havrOIUOnXvo6-ZBYSk\" data-entity-type=\"MINI_PROFILE\" target=\"_blank\" rel=\"noopener\">Elsy Geay<\/a>,\u00a0<a href=\"https:\/\/www.linkedin.com\/in\/ACoAAAAFOnoB3ZJnVf1abGb5HJpD2tePsiSQRzY\" data-attribute-index=\"29\" data-entity-hovercard-id=\"urn:li:fs_miniProfile:ACoAAAAFOnoB3ZJnVf1abGb5HJpD2tePsiSQRzY\" data-entity-type=\"MINI_PROFILE\" target=\"_blank\" rel=\"noopener\">Herv\u00e9 BOURDON &#x2705;<\/a><\/p>\n<p>Je n&#8217;ai oubli\u00e9 personne ?\u00a0<a href=\"https:\/\/www.linkedin.com\/feed\/hashtag\/?keywords=digirocksrecrute&amp;highlightedUpdateUrns=urn%3Ali%3Aactivity%3A7021535562964619264\" data-attribute-index=\"31\" target=\"_blank\" rel=\"noopener\">#digirocksrecrute<\/a><\/p>\n<h3>Bref, le prochain, c&#8217;est mercredi 25 au vendredi 27 janvier 2023 \u00e0 Paris.<br \/>\nVous \u00eates pr\u00eats ?<\/h3>\n<p>En attendant, &#8220;magn\u00e9to Serge !&#8221;<\/p>\n<h2>&#x2b07;&#xfe0f;Les 15 rockers en pleine r\u00e9flexion et travail \u00e0 Lyon pendant le digiTour<\/h2>\n<blockquote><p>Le digiTour c&#8217;est notre rassemblement trimestriel, bien n\u00e9cessaire puisque nous travaillons tous \u00e0 distance et que la vid\u00e9o, \u00e7a ne suffit pas toujours ! Pourquoi travailler chez digiRocks ? Le comment et les m\u00e9thodes ? Les rockers prennent la parole.<\/p><\/blockquote>","protected":false},"excerpt":{"rendered":"<p>digiTour septembre 2021 \u00e0 Lyon &#8211; digiRocks<br \/>\nLa semaine prochaine, c&#8217;est\u00a0#digiTour janvier 23 \u00e0 Paris<br \/>\nComme on est 15 \u00e0 travailler \u00e0 distance, on a besoin de se retrouver r\u00e9guli\u00e8rement<\/p>","protected":false},"author":30,"featured_media":0,"comment_status":"open","ping_status":"open","sticky":false,"template":"","format":"standard","meta":{"_acf_changed":false,"footnotes":""},"categories":[38],"tags":[],"class_list":["post-27626","post","type-post","status-publish","format-standard","hentry","category-ressources"],"acf":[],"_links":{"self":[{"href":"https:\/\/www.digirocks.fr\/en\/wp-json\/wp\/v2\/posts\/27626","targetHints":{"allow":["GET"]}}],"collection":[{"href":"https:\/\/www.digirocks.fr\/en\/wp-json\/wp\/v2\/posts"}],"about":[{"href":"https:\/\/www.digirocks.fr\/en\/wp-json\/wp\/v2\/types\/post"}],"author":[{"embeddable":true,"href":"https:\/\/www.digirocks.fr\/en\/wp-json\/wp\/v2\/users\/30"}],"replies":[{"embeddable":true,"href":"https:\/\/www.digirocks.fr\/en\/wp-json\/wp\/v2\/comments?post=27626"}],"version-history":[{"count":2,"href":"https:\/\/www.digirocks.fr\/en\/wp-json\/wp\/v2\/posts\/27626\/revisions"}],"predecessor-version":[{"id":58951,"href":"https:\/\/www.digirocks.fr\/en\/wp-json\/wp\/v2\/posts\/27626\/revisions\/58951"}],"wp:attachment":[{"href":"https:\/\/www.digirocks.fr\/en\/wp-json\/wp\/v2\/media?parent=27626"}],"wp:term":[{"taxonomy":"category","embeddable":true,"href":"https:\/\/www.digirocks.fr\/en\/wp-json\/wp\/v2\/categories?post=27626"},{"taxonomy":"post_tag","embeddable":true,"href":"https:\/\/www.digirocks.fr\/en\/wp-json\/wp\/v2\/tags?post=27626"}],"curies":[{"name":"wp","href":"https:\/\/api.w.org\/{rel}","templated":true}]}}