{"id":27668,"date":"2023-02-16T12:40:16","date_gmt":"2023-02-16T12:40:16","guid":{"rendered":"https:\/\/www.digirocks.fr\/surenchere-salaires-du-digital\/"},"modified":"2023-04-28T16:25:09","modified_gmt":"2023-04-28T16:25:09","slug":"surenchere-salaires-du-digital","status":"publish","type":"post","link":"https:\/\/www.digirocks.fr\/en\/surenchere-salaires-du-digital\/","title":{"rendered":"Surench\u00e8re des salaires du digital : comment pr\u00e9server votre politique salariale ? &#8211; Webinar 09\/03\/2023 \u00e0 12:15"},"content":{"rendered":"<figure id=\"attachment_11587\" aria-describedby=\"caption-attachment-11587\" style=\"width: 300px\" class=\"wp-caption alignright\"><img fetchpriority=\"high\" decoding=\"async\" class=\"size-medium wp-image-11587\" src=\"https:\/\/www.digirocks.fr\/wp-content\/uploads\/2023\/02\/2023-02-13-dd905bdd9221938fb908422793d54c72-300x169.jpg\" alt=\"Surench\u00e8re des salaires du digital : comment pr\u00e9server votre politique salariale ?\" width=\"300\" height=\"169\" title=\"\"><figcaption id=\"caption-attachment-11587\" class=\"wp-caption-text\">Surench\u00e8re des salaires du digital?<\/figcaption><\/figure>\n<h3>Nous sommes fiers de vous proposer notre 1er Webinar avec Webikeo (inscription en bas de page) :<\/h3>\n<h2>Surench\u00e8re des salaires du digital : comment pr\u00e9server votre politique salariale ? &#8211; Webinar 09\/03\/2023 \u00e0 12:15<\/h2>\n<p>Nos recruteurs chevronn\u00e9s, sp\u00e9cialistes des m\u00e9tiers du digital, vont apporter des solutions concr\u00e8tes pour recruter des Talents excellents en pr\u00e9servant votre strat\u00e9gie de <a href=\"https:\/\/www.digirocks.fr\/en\/negocier-son-salaire\/\">r\u00e9mun\u00e9ration<\/a>.<\/p>\n<p>Les interventions d&#8217;expert seront anim\u00e9es par Ameline LE BARZIC notre Chief Community Officer.<\/p>\n<h4>Programme du webinar<br \/>\n&#8220;Surench\u00e8re des salaires du digital : comment pr\u00e9server votre politique salariale ?&#8221;<\/h4>\n<h4 style=\"padding-left: 40px;\">A\/ Etat des lieux du recrutement de profils digitaux<\/h4>\n<h4 style=\"padding-left: 40px;\">B\/ Etude de cas<\/h4>\n<h5 style=\"padding-left: 80px;\">&#8211; Recrutement p\u00e9nurique,<\/h5>\n<h5 style=\"padding-left: 80px;\">&#8211; par m\u00e9tier ou r\u00e9gion<\/h5>\n<h4 style=\"padding-left: 40px;\">C\/ Solutions strat\u00e9gique et op\u00e9rationnelles<\/h4>\n<h5 style=\"padding-left: 80px;\">&#8211; Sourcing<\/h5>\n<h5 style=\"padding-left: 80px;\">&#8211; Evaluation des salaires attendus<\/h5>\n<h5 style=\"padding-left: 80px;\">&#8211; Strat\u00e9gie de recrutement<\/h5>\n<h3>&#x27a1;&#xfe0f;Ajoutez l&#8217;\u00e9v\u00e9nement dans votre agenda<\/h3>\n<p><a href=\"https:\/\/calendar.google.com\/calendar\/event?action=TEMPLATE&amp;tmeid=N2tpM2x2c2cwazdpbm1waXY3a3FicWZhYTAgc29jaWFsQGRpZ2lyb2Nrcy5mcg&amp;tmsrc=social%40digirocks.fr\" target=\"_blank\" rel=\"noopener\"><img decoding=\"async\" src=\"https:\/\/www.google.com\/calendar\/images\/ext\/gc_button1_fr.gif\" border=\"0\" alt=\"\" title=\"\"><\/a><\/p>\n<h3>Inscription au webinar #digiRocks ci-dessous&#x2b07;&#xfe0f;<\/h3>\n<p><iframe src=\"https:\/\/webikeo.fr\/795824\/form?webinar=100058783\" width=\"500\" height=\"500\"><\/iframe><\/p>\n<p>&nbsp;<\/p>","protected":false},"excerpt":{"rendered":"<p>Nous sommes fiers de vous proposer notre 1er Webinar avec Webikeo :<br \/>\nSurench\u00e8re des salaires du digital : comment pr\u00e9server votre politique salariale ?<\/p>","protected":false},"author":30,"featured_media":27669,"comment_status":"open","ping_status":"open","sticky":false,"template":"","format":"standard","meta":{"_acf_changed":false,"footnotes":""},"categories":[318,38],"tags":[],"class_list":["post-27668","post","type-post","status-publish","format-standard","has-post-thumbnail","hentry","category-manager-rh","category-ressources"],"acf":[],"_links":{"self":[{"href":"https:\/\/www.digirocks.fr\/en\/wp-json\/wp\/v2\/posts\/27668","targetHints":{"allow":["GET"]}}],"collection":[{"href":"https:\/\/www.digirocks.fr\/en\/wp-json\/wp\/v2\/posts"}],"about":[{"href":"https:\/\/www.digirocks.fr\/en\/wp-json\/wp\/v2\/types\/post"}],"author":[{"embeddable":true,"href":"https:\/\/www.digirocks.fr\/en\/wp-json\/wp\/v2\/users\/30"}],"replies":[{"embeddable":true,"href":"https:\/\/www.digirocks.fr\/en\/wp-json\/wp\/v2\/comments?post=27668"}],"version-history":[{"count":1,"href":"https:\/\/www.digirocks.fr\/en\/wp-json\/wp\/v2\/posts\/27668\/revisions"}],"predecessor-version":[{"id":27943,"href":"https:\/\/www.digirocks.fr\/en\/wp-json\/wp\/v2\/posts\/27668\/revisions\/27943"}],"wp:featuredmedia":[{"embeddable":true,"href":"https:\/\/www.digirocks.fr\/en\/wp-json\/wp\/v2\/media\/27669"}],"wp:attachment":[{"href":"https:\/\/www.digirocks.fr\/en\/wp-json\/wp\/v2\/media?parent=27668"}],"wp:term":[{"taxonomy":"category","embeddable":true,"href":"https:\/\/www.digirocks.fr\/en\/wp-json\/wp\/v2\/categories?post=27668"},{"taxonomy":"post_tag","embeddable":true,"href":"https:\/\/www.digirocks.fr\/en\/wp-json\/wp\/v2\/tags?post=27668"}],"curies":[{"name":"wp","href":"https:\/\/api.w.org\/{rel}","templated":true}]}}