{"id":27685,"date":"2023-04-21T09:52:50","date_gmt":"2023-04-21T09:52:50","guid":{"rendered":"https:\/\/www.digirocks.fr\/revue-de-presse-recruteur-10-03\/"},"modified":"2025-09-04T17:52:51","modified_gmt":"2025-09-04T17:52:51","slug":"revue-de-presse-recruteur-10-03","status":"publish","type":"post","link":"https:\/\/www.digirocks.fr\/en\/revue-de-presse-recruteur-10-03\/","title":{"rendered":"Revue de Presse Recruteur &#8211; 10 mars 2023"},"content":{"rendered":"<h2>Revue de Presse Recruteur digiRocks : e qu\u2019il ne fallait pas manquer cette semaine de mars<\/h2>\n<p>Vous recrutez, vous n&#8217;avez pas le temps de faire votre veille ?<br \/>\nWe're happy to help (watch by <a href=\"https:\/\/www.digirocks.fr\/en\/rockers\/herve\/\">Herv\u00e9<\/a>with <a href=\"https:\/\/flipboard.com\/@valvert\/recruteur-news-sgjs678cy\" target=\"_blank\" rel=\"noopener\">Flipboard &#8220;Recruteur News&#8221;<\/a> and <a href=\"https:\/\/paper.li\/EyXvrVwYtixx7WUtx74KR\" target=\"_blank\" rel=\"noopener\">Paper.li &#8220;La veille du recruteur&#8221;<\/a>\u00a0)<\/p>\n<p>Cette semaine, il fallait lire :<\/p>\n<h3>&#x27a1;&#xfe0f;Quand les avis en ligne des salari\u00e9s prennent \u00e0 contre-pied la communication des employeurs<br \/>\n<a class=\"post-attribution__link ui-text--supporting outbound-link\" title=\"theconversation.com - Sinem Kilic and Regis-Monyedodo Kpossa\" role=\"link\" href=\"https:\/\/theconversation.com\/quand-les-avis-en-ligne-des-salaries-prennent-a-contre-pied-la-communication-des-employeurs-197086\" target=\"_blank\" rel=\"noopener nofollow\" data-vars-anchor-link=\"https:\/\/theconversation.com\/quand-les-avis-en-ligne-des-salaries-prennent-a-contre-pied-la-communication-des-employeurs-197086\">theconversation.com &#8211; Sinem Kilic and Regis-Monyedodo Kpossa<\/a><\/h3>\n<p>Dans un environnement toujours plus comp\u00e9titif, dans lequel la survie de l\u2019entreprise d\u00e9pend de ses performances, avoir des salari\u00e9s engag\u00e9s, les fid\u00e9liser, et attirer de nouveaux talents sont devenus des enjeux strat\u00e9giques majeurs. Cependant, beaucoup, les\u00a0<a href=\"https:\/\/www.lepoint.fr\/economie\/rse-jeunes-cherchent-entreprises-responsables-07-05-2022-2474619_28.php\" target=\"_blank\" rel=\"noopener\">jeunes<\/a>\u00a0en particulier, ne sont aujourd\u2019hui plus pr\u00eats \u00e0 signer pour n\u2019importe quoi, et le salaire ne s\u2019av\u00e8re souvent pas un argument suffisant. Soucieux d\u2019\u00e9thique et d\u2019\u00e9cologie, la nouvelle g\u00e9n\u00e9ration est plus attentive aux\u00a0<a href=\"https:\/\/theconversation.com\/la-notion-de-generation-z-entrave-lintegration-des-jeunes-sur-le-marche-du-travail-192875\" target=\"_blank\" rel=\"noopener\">conditions<\/a>\u00a0de travail saines et \u00e9quitables, et en font leurs crit\u00e8res de choix d\u2019employeur.<\/p>\n<p>Certaines firmes tentent donc de se doter de ce que l\u2019on appelle une\u00a0<a href=\"https:\/\/www.tandfonline.com\/doi\/abs\/10.1080\/02650487.2005.11072912\" target=\"_blank\" rel=\"noopener\">\u00ab\u00a0marque employeur\u00a0\u00bb<\/a>.<\/p>\n<h3>&#x27a1;&#xfe0f;Bullshit jobs &#8211;\u00a0<a href=\"https:\/\/www.radiofrance.fr\/franceculture\/podcasts\/les-pieds-sur-terre\/les-pieds-sur-terre-emission-du-jeudi-09-mars-2023-6209271\" target=\"_blank\" rel=\"noopener\">radiofrance.fr<\/a><\/h3>\n<p>Ils sont jeunes et ont d\u00e9barqu\u00e9 dans le monde du travail en d\u00e9couvrant l&#8217;enfer de ce que l&#8217;on appelle les &#8220;bullshit jobs&#8221;. Remplir des tableaux Excel, d\u00e9marcher des clients \u00e0 longueur de journ\u00e9e ou ex\u00e9cuter des t\u00e2ches aux noms anglicis\u00e9s, sans m\u00eame comprendre ce qu&#8217;on leur demandait. Charles et Mathilde racontent ce qu&#8217;ils ont v\u00e9cu, entre Paris et Berlin, avant de d\u00e9missionner, \u00e9puis\u00e9s par tant de non-sens.<\/p>\n<h3>&#x27a1;&#xfe0f;Covid, retraites : la moiti\u00e9 des salari\u00e9s fran\u00e7ais en d\u00e9tresse psychologique &#8211; <a class=\"post-attribution__link ui-text--supporting outbound-link\" title=\"lesechos.fr - Sarah Dumeau\" role=\"link\" href=\"https:\/\/www.lesechos.fr\/idees-debats\/leadership-management\/covid-retraites-la-moitie-des-salaries-francais-en-detresse-psychologique-1913492\" target=\"_blank\" rel=\"noopener nofollow\" data-vars-anchor-link=\"https:\/\/www.lesechos.fr\/idees-debats\/leadership-management\/covid-retraites-la-moitie-des-salaries-francais-en-detresse-psychologique-1913492\">lesechos.fr &#8211; Sarah Dumeau<\/a><\/h3>\n<p>Plus de la moiti\u00e9 (6 sur 10) des salari\u00e9s fran\u00e7ais pensent que leur \u00e9tat de sant\u00e9 psychologique et physique ne leur permettra pas de travailler jusqu&#8217;\u00e0 la retraite. Ce chiffre inqui\u00e9tant,\u00a0<a class=\"sc-n6jlpp-0 ijSSsZ\" href=\"https:\/\/www.lesechos.fr\/economie-france\/social\/en-direct-reforme-des-retraites-greves-suivez-la-mobilisation-de-ce-mardi-7-mars-1912627\" target=\"_blank\" rel=\"noopener\">en plein d\u00e9bat sur la r\u00e9forme des retraites<\/a>\u00a0, est relev\u00e9 par une enqu\u00eate d&#8217;Opinion Way pour Empreinte Humaine, une soci\u00e9t\u00e9 de conseil en qualit\u00e9 de vie au travail et en pr\u00e9vention des risques psychosociaux. Pour les besoins de l&#8217;\u00e9tude, d\u00e9voil\u00e9e ce jeudi, les experts ont interrog\u00e9 un panel repr\u00e9sentatif de\u00a02000 salari\u00e9s.<\/p>\n<h3>&#x27a1;&#xfe0f;T\u00e9moignages &#8220;Pour les entreprises, vous \u00eates morts \u00e0 55 ans&#8221; : la laborieuse recherche d&#8217;emploi des seniors &#8211; <a class=\"post-attribution__link ui-text--supporting internal-link\" title=\"Franceinfo - Marine Cardot\" role=\"link\" href=\"https:\/\/flipboard.com\/@Franceinfo\" data-vars-anchor-link=\"\/@Franceinfo\" target=\"_blank\" rel=\"noopener\">Franceinfo &#8211; Marine Cardot<\/a><\/h3>\n<p><em>&#8220;Il ne faut absolument pas perdre son emploi \u00e0 partir de 50 ans.&#8221;\u00a0<\/em>C&#8217;est l&#8217;amer constat de Serge, apr\u00e8s cinq ans pass\u00e9s \u00e0 rechercher du travail. Comme lui, de nombreux seniors peinent \u00e0 trouver un emploi. En France, 56% des 55-64 ans avaient un poste en 2021, contre 60,5% en moyenne dans l&#8217;Union europ\u00e9enne,\u00a0<a class=\"ftvi-click--binded\" href=\"https:\/\/ec.europa.eu\/eurostat\/databrowser\/view\/tesem050\/default\/table?lang=fr\" target=\"_blank\" rel=\"noopener\" data-click-value=\"content::link-in-content::article::https:\/\/ec.europa.eu\/eurostat\/databrowser\/view\/tesem050\/default\/table?lang=fr\">selon les donn\u00e9es d&#8217;Eurostat<\/a>. Le taux d&#8217;emploi tombe m\u00eame \u00e0 35,5 % pour les 60-64 ans,\u00a0<a class=\"ftvi-click--binded\" href=\"https:\/\/dares.travail-emploi.gouv.fr\/sites\/default\/files\/7f3c893f7955adc07a5ab3390503f2a4\/Les%20seniors%20sur%20le%20march%C3%A9%20du%20travail%20en%202021.pdf\" target=\"_blank\" rel=\"noopener\" data-click-value=\"content::link-in-content::article::https:\/\/dares.travail-emploi.gouv.fr\/sites\/default\/files\/7f3c893f7955adc07a5ab3390503f2a4\/Les%20seniors%20sur%20le%20march%C3%A9%20du%20travail%20en%202021.pdf\">d&#8217;apr\u00e8s les chiffres, portant sur 2021, publi\u00e9s en janvier par le minist\u00e8re du Travail.<\/a><\/p>\n<p>Alors que\u00a0<a class=\"ftvi-click--binded\" href=\"https:\/\/www.francetvinfo.fr\/economie\/retraite\/reforme-des-retraites\/age-de-depart-duree-de-cotisation-regimes-speciaux-le-guide-de-survie-pour-comprendre-les-debats-sur-la-reforme-des-retraites_5576406.html\" data-click-value=\"content::link-in-content::article::\/economie\/retraite\/reforme-des-retraites\/age-de-depart-duree-de-cotisation-regimes-speciaux-le-guide-de-survie-pour-comprendre-les-debats-sur-la-reforme-des-retraites_5576406.html\" target=\"_blank\" rel=\"noopener\">la r\u00e9forme des retraites<\/a>\u00a0pr\u00e9voit le report de l&#8217;\u00e2ge l\u00e9gal de d\u00e9part \u00e0 64\u00a0ans,\u00a0<a class=\"ftvi-click--binded\" href=\"https:\/\/www.francetvinfo.fr\/economie\/retraite\/reforme-des-retraites\/je-sais-que-je-suis-trop-vieux-derriere-le-report-de-l-age-de-depart-a-la-retraite-l-epineuse-question-de-l-emploi-des-seniors_5556855.html\" data-click-value=\"content::link-in-content::article::\/economie\/retraite\/reforme-des-retraites\/je-sais-que-je-suis-trop-vieux-derriere-le-report-de-l-age-de-depart-a-la-retraite-l-epineuse-question-de-l-emploi-des-seniors_5556855.html\" target=\"_blank\" rel=\"noopener\">la question de l&#8217;emploi des seniors<\/a>\u00a0est au c\u0153ur des d\u00e9bats. Franceinfo a recueilli le t\u00e9moignage de six d&#8217;entre eux, autrefois carreleur, cadre dans l\u2019a\u00e9ronautique, ou encore restauratrice. Au ch\u00f4mage, ils nous racontent leur recherche d&#8217;emploi.<\/p>\n<h3>&#x27a1;&#xfe0f;Entretien d\u2019embauche : 6 questions originales \u00e0 poser pour faire la diff\u00e9rence &#8211; <a class=\"post-attribution__link ui-text--supporting outbound-link\" title=\"leparisien.fr - Le Parisien \u00e9tudiant\" role=\"link\" href=\"https:\/\/www.leparisien.fr\/etudiant\/jobs-stages\/entretien-d-embauche\/entretien-dembauche-6-questions-originales-a-poser-afin-de-faire-la-difference-VZ4B63JDVRDVPCBDI4XWM3UPUA.php\" target=\"_blank\" rel=\"noopener nofollow\" data-vars-anchor-link=\"https:\/\/www.leparisien.fr\/etudiant\/jobs-stages\/entretien-d-embauche\/entretien-dembauche-6-questions-originales-a-poser-afin-de-faire-la-difference-VZ4B63JDVRDVPCBDI4XWM3UPUA.php\">Le Parisien \u00e9tudiant<\/a><\/h3>\n<p class=\"col subheadline margin_bottom_subheadline widescreen-12 desktop-10\">Il n\u2019y a pas que le recruteur qui peut poser des questions ! Un entretien d\u2019embauche est \u00e0 double sens pour que vous puissiez bien appr\u00e9hender le poste et l\u2019entreprise. Nous avons recueilli les conseils d\u2019Adeline M\u00e9chain, experte RH au mercato de l\u2019emploi.<\/p>\n<h3>&#x27a1;&#xfe0f;\u00ab Cessons de pr\u00e9senter le num\u00e9rique comme la solution \u00e0 tout \u00bb &#8211; <a class=\"post-attribution__link ui-text--supporting outbound-link\" title=\"usbeketrica.com\" role=\"link\" href=\"https:\/\/usbeketrica.com\/fr\/article\/cessons-de-presenter-le-numerique-comme-la-solution-a-tout\" target=\"_blank\" rel=\"noopener nofollow\" data-vars-anchor-link=\"https:\/\/usbeketrica.com\/fr\/article\/cessons-de-presenter-le-numerique-comme-la-solution-a-tout\">usbeketrica.com<\/a><\/h3>\n<p>Faut-il dire bye-bye aux s\u00e9ries, aux lolcats et \u00e0 la culture en ligne\u202f? Nous avons pos\u00e9 la question \u00e0 Jacques-Fran\u00e7ois Marchandise, directeur de la FING.<\/p>\n<h3>You want to recruit in less than 30 days?<\/h3>\n<ul>\n<li>Pour d\u00e9couvrir notre base de talents et trouver votre perle rare, c&#8217;est ici : <a href=\"https:\/\/matching.digirocks.fr\/talents\" target=\"_blank\" rel=\"noopener\">https:\/\/matching.digirocks.fr\/talents<\/a><\/li>\n<li>If you would like us to support you in your recruitment process, let's take 30 minutes to talk about your recruitment project: <a href=\"https:\/\/bettercall.digirocks.fr\/lpa\/\" target=\"_blank\" rel=\"noopener\">https:\/\/bettercall.digirocks.fr\/lpa\/<\/a><\/li>\n<\/ul>\n<p>digiRocks already does this for its customers in the BtoB and BtoC press\/media sector, FinTech, startup marketing, e-retail..., thanks to its team of +15 expert digital Rockers and an internal database of +8000 certified digital Talents.<\/p>","protected":false},"excerpt":{"rendered":"<p>digiRocks Recruiter Press Review<\/p>\n<p>Vous recrutez, vous n&#8217;avez pas le temps de faire votre veille ?<br \/>\nWe're happy to help (watch by Herv\u00e9<\/p>","protected":false},"author":30,"featured_media":27686,"comment_status":"open","ping_status":"open","sticky":false,"template":"","format":"standard","meta":{"_acf_changed":false,"footnotes":""},"categories":[318,323,321],"tags":[],"class_list":["post-27685","post","type-post","status-publish","format-standard","has-post-thumbnail","hentry","category-manager-rh","category-revue-de-presse","category-talent-candidat"],"acf":[],"_links":{"self":[{"href":"https:\/\/www.digirocks.fr\/en\/wp-json\/wp\/v2\/posts\/27685","targetHints":{"allow":["GET"]}}],"collection":[{"href":"https:\/\/www.digirocks.fr\/en\/wp-json\/wp\/v2\/posts"}],"about":[{"href":"https:\/\/www.digirocks.fr\/en\/wp-json\/wp\/v2\/types\/post"}],"author":[{"embeddable":true,"href":"https:\/\/www.digirocks.fr\/en\/wp-json\/wp\/v2\/users\/30"}],"replies":[{"embeddable":true,"href":"https:\/\/www.digirocks.fr\/en\/wp-json\/wp\/v2\/comments?post=27685"}],"version-history":[{"count":2,"href":"https:\/\/www.digirocks.fr\/en\/wp-json\/wp\/v2\/posts\/27685\/revisions"}],"predecessor-version":[{"id":58905,"href":"https:\/\/www.digirocks.fr\/en\/wp-json\/wp\/v2\/posts\/27685\/revisions\/58905"}],"wp:featuredmedia":[{"embeddable":true,"href":"https:\/\/www.digirocks.fr\/en\/wp-json\/wp\/v2\/media\/27686"}],"wp:attachment":[{"href":"https:\/\/www.digirocks.fr\/en\/wp-json\/wp\/v2\/media?parent=27685"}],"wp:term":[{"taxonomy":"category","embeddable":true,"href":"https:\/\/www.digirocks.fr\/en\/wp-json\/wp\/v2\/categories?post=27685"},{"taxonomy":"post_tag","embeddable":true,"href":"https:\/\/www.digirocks.fr\/en\/wp-json\/wp\/v2\/tags?post=27685"}],"curies":[{"name":"wp","href":"https:\/\/api.w.org\/{rel}","templated":true}]}}