{"id":27705,"date":"2023-03-15T10:50:31","date_gmt":"2023-03-15T10:50:31","guid":{"rendered":"https:\/\/www.digirocks.fr\/teletravail-week-end-prolonges\/"},"modified":"2023-04-28T16:25:42","modified_gmt":"2023-04-28T16:25:42","slug":"teletravail-week-end-prolonges","status":"publish","type":"post","link":"https:\/\/www.digirocks.fr\/en\/teletravail-week-end-prolonges\/","title":{"rendered":"T\u00e9l\u00e9travail et week-end prolong\u00e9s, posez peu, partez longtemps"},"content":{"rendered":"<p>Le mois de Mai rime avec :<\/p>\n<ul>\n<li>Jour f\u00e9ri\u00e9<\/li>\n<li>Voyager<\/li>\n<li>T\u00e9l\u00e9travailler<\/li>\n<li>Optimiser<\/li>\n<\/ul>\n<p>Apr\u00e8s 2 ann\u00e9es \u00e0 se faire l\u00e9ser sur le calendrier, avec des jours f\u00e9ri\u00e9s qui tombent le week-end, les ponts de mai sont de retour et tr\u00e8s attendus par les salari\u00e9s. Le t\u00e9l\u00e9travail va \u00eatre votre meilleur atout pour profiter du combo gagnant retour des beaux jours + week-end prolong\u00e9s. Nous avions d\u2019ailleurs, il y a quelques semaines, donn\u00e9 quelques tips aux petits malins pour maximiser leurs cong\u00e9s en 2023 : <a href=\"https:\/\/www.digirocks.fr\/en\/calendrier-jours-feries-2023\/\" target=\"_blank\" rel=\"noopener\">https:\/\/www.digirocks.fr\/calendrier-jours-feries-2023\/<\/a><\/p>\n<figure id=\"attachment_11885\" aria-describedby=\"caption-attachment-11885\" style=\"width: 300px\" class=\"wp-caption alignright\"><img decoding=\"async\" class=\"size-medium wp-image-11885\" src=\"https:\/\/www.digirocks.fr\/wp-content\/uploads\/2023\/03\/pexels-tima-miroshnichenko-5992545-300x200.jpg\" alt=\" width=\" height=\"200\" title=\"\"><figcaption id=\"caption-attachment-11885\" class=\"wp-caption-text\">T\u00e9l\u00e9travail et cong\u00e9s<\/figcaption><\/figure>\n<p>Apr\u00e8s avoir bien \u00e9tudi\u00e9 le dossier, il est temps de savoir quoi en faire. Alors voici nos conseils pour rentabiliser vos jours de cong\u00e9s et vous \u00e9vader. Travailler sur son lieu de vacances est un r\u00e9el avantage mais cela implique de se plier \u00e0 quelques r\u00e8gles ! Car dans T\u00e9l\u00e9travailler, il y a travailler.<\/p>\n<h2>Voici les 4 r\u00e8gles d\u2019or \u00e0 respecter.<\/h2>\n<h3>R\u00e8gle num\u00e9ro 1 :<\/h3>\n<p>L\u2019accord de votre employeur<br \/>\nQuand : avant la r\u00e9servation<br \/>\nUsuellement, le t\u00e9l\u00e9travail est cens\u00e9 \u00eatre effectu\u00e9 depuis votre domicile habituel, mais il peut y avoir des exceptions. Avant de r\u00e9server, v\u00e9rifiez avec votre employeur si vous pouvez vous la jouer \u201cdigital nomad\u201d et convenez des modalit\u00e9s du travail \u00e0 distance.<\/p>\n<h3>R\u00e8gle num\u00e9ro 2<\/h3>\n<p>La connexion Wifi !<br \/>\nQuand : d\u00e8s la r\u00e9servation<br \/>\nSi la connexion est mauvaise, vous ne pourrez pas renouveler l\u2019exp\u00e9rience et vos coll\u00e8gues non plus. C\u2019est le meilleur moyen de faire tomber la sanction : pr\u00e9sentiel pour tous ! Vous pourrez d\u00e9ployer tous les efforts du monde, si votre \u00e9cran est tout pixelis\u00e9 lors de la worklist hebdo, le digital nomadisme c\u2019est termin\u00e9 pour vous !<\/p>\n<h3>R\u00e8gle num\u00e9ro 3<\/h3>\n<p>L\u2019espace de travail<br \/>\nQuand : le Jour J<br \/>\n<span style=\"font-family: -apple-system, BlinkMacSystemFont, 'Segoe UI', Roboto, Oxygen-Sans, Ubuntu, Cantarell, 'Helvetica Neue', sans-serif;\">Assurez-vous d&#8217;avoir un espace de travail confortable et ergonomique, ainsi que tous les outils et \u00e9quipements n\u00e9cessaires pour effectuer votre travail. \u00c9tablissez une routine de travail claire pour vous aider \u00e0 rester productif et \u00e0 s\u00e9parer votre temps de travail de votre temps de loisir. Non n\u00e9gligeable : attention aux bruits environnants, les enfants qui font des bombes dans la piscine de l\u2019h\u00f4tel pendant la pr\u00e9sentation des chiffres mensuels \u00e7a fera \u201csplash\u201d dans la t\u00eate de votre N+1.<\/span><\/p>\n<h3>R\u00e8gle num\u00e9ro 4<\/h3>\n<p>Les horaires<br \/>\n<span style=\"font-family: -apple-system, BlinkMacSystemFont, 'Segoe UI', Roboto, Oxygen-Sans, Ubuntu, Cantarell, 'Helvetica Neue', sans-serif;\">Quand : pendant tout le s\u00e9jour<br \/>\n<\/span><span style=\"font-family: -apple-system, BlinkMacSystemFont, 'Segoe UI', Roboto, Oxygen-Sans, Ubuntu, Cantarell, 'Helvetica Neue', sans-serif;\">On vous pr\u00e9vient de suite : les excursions en pleine journ\u00e9e c\u2019est non ! Sauf sur vos jours off ! Le t\u00e9l\u00e9travail asynchrone peut \u00eatre une solution pour organiser votre travail lors de vos voyages. Toutefois, il est important d\u2019en discuter avec votre N+1 et de convenir de vos horaires de travail. Vous pourriez ainsi avoir plus de flexibilit\u00e9 et profiter avec vos proches. Bien \u00e9videmment une destination en France ou sans d\u00e9calage horaire est chaudement recommand\u00e9e.<\/span><\/p>\n<h3>R\u00e8gle bonus<\/h3>\n<p>Le souvenir aux coll\u00e8gues<br \/>\nQuand : pour la pause caf\u00e9<br \/>\n<span style=\"font-family: -apple-system, BlinkMacSystemFont, 'Segoe UI', Roboto, Oxygen-Sans, Ubuntu, Cantarell, 'Helvetica Neue', sans-serif;\">Nos r\u00e9gions regorgent de sp\u00e9cialit\u00e9s \u00e0 d\u00e9guster (avec mod\u00e9ration) et \u00e0 ramener \u00e0 vos coll\u00e8gues. Une belle occasion pour partager un moment de convivialit\u00e9 \u00e0 la machine \u00e0 caf\u00e9, en \u00e9quipe. Et pour le summer body on verra l\u2019ann\u00e9e prochaine !<\/span><\/p>","protected":false},"excerpt":{"rendered":"<p>Le mois de Mai rime avec : Jour f\u00e9ri\u00e9 Voyager T\u00e9l\u00e9travailler Optimiser Apr\u00e8s 2 ann\u00e9es \u00e0 se faire l\u00e9ser sur le calendrier, avec des jours f\u00e9ri\u00e9s qui tombent le week-end, les ponts de mai sont de retour et tr\u00e8s attendus [&hellip;]<\/p>\n","protected":false},"author":30,"featured_media":27706,"comment_status":"open","ping_status":"open","sticky":false,"template":"","format":"standard","meta":{"_acf_changed":false,"footnotes":""},"categories":[38,321],"tags":[],"class_list":["post-27705","post","type-post","status-publish","format-standard","has-post-thumbnail","hentry","category-ressources","category-talent-candidat"],"acf":[],"_links":{"self":[{"href":"https:\/\/www.digirocks.fr\/en\/wp-json\/wp\/v2\/posts\/27705","targetHints":{"allow":["GET"]}}],"collection":[{"href":"https:\/\/www.digirocks.fr\/en\/wp-json\/wp\/v2\/posts"}],"about":[{"href":"https:\/\/www.digirocks.fr\/en\/wp-json\/wp\/v2\/types\/post"}],"author":[{"embeddable":true,"href":"https:\/\/www.digirocks.fr\/en\/wp-json\/wp\/v2\/users\/30"}],"replies":[{"embeddable":true,"href":"https:\/\/www.digirocks.fr\/en\/wp-json\/wp\/v2\/comments?post=27705"}],"version-history":[{"count":1,"href":"https:\/\/www.digirocks.fr\/en\/wp-json\/wp\/v2\/posts\/27705\/revisions"}],"predecessor-version":[{"id":27963,"href":"https:\/\/www.digirocks.fr\/en\/wp-json\/wp\/v2\/posts\/27705\/revisions\/27963"}],"wp:featuredmedia":[{"embeddable":true,"href":"https:\/\/www.digirocks.fr\/en\/wp-json\/wp\/v2\/media\/27706"}],"wp:attachment":[{"href":"https:\/\/www.digirocks.fr\/en\/wp-json\/wp\/v2\/media?parent=27705"}],"wp:term":[{"taxonomy":"category","embeddable":true,"href":"https:\/\/www.digirocks.fr\/en\/wp-json\/wp\/v2\/categories?post=27705"},{"taxonomy":"post_tag","embeddable":true,"href":"https:\/\/www.digirocks.fr\/en\/wp-json\/wp\/v2\/tags?post=27705"}],"curies":[{"name":"wp","href":"https:\/\/api.w.org\/{rel}","templated":true}]}}