{"id":27730,"date":"2023-04-21T09:52:49","date_gmt":"2023-04-21T09:52:49","guid":{"rendered":"https:\/\/www.digirocks.fr\/revue-de-presse-recruteur-30-mars-2023\/"},"modified":"2025-09-04T17:53:21","modified_gmt":"2025-09-04T17:53:21","slug":"recruiter-press-review-march-30-2023","status":"publish","type":"post","link":"https:\/\/www.digirocks.fr\/en\/recruiter-press-review-march-30-2023\/","title":{"rendered":"Recruteur Press Review - March 30, 2023"},"content":{"rendered":"<h2>Revue de Presse Recruteur digiRocks : ce qu\u2019il ne fallait pas manquer cette semaine<\/h2>\n<p>Vous recrutez, vous n&#8217;avez pas le temps de faire votre veille ?<br \/>\nNous sommes ravis de vous aider (veille r\u00e9alis\u00e9e par <a href=\"https:\/\/www.digirocks.fr\/rockers\/herve\/\">Herv\u00e9<\/a>, avec <a href=\"https:\/\/flipboard.com\/@valvert\/recruteur-news-sgjs678cy\" target=\"_blank\" rel=\"noopener\">Flipboard &#8220;Recruteur News&#8221;<\/a> et <a href=\"https:\/\/paper.li\/EyXvrVwYtixx7WUtx74KR\" target=\"_blank\" rel=\"noopener\">Paper.li &#8220;La veille du recruteur&#8221;<\/a>\u00a0)<\/p>\n<p>Cette semaine est tr\u00e8s marqu\u00e9e #IA, il faut continuer \u00e0 penser par soi-m\u00eame &#x1f601;et s&#8217;informer de mani\u00e8re critique :<\/p>\n<h3>&#x27a1;&#xfe0f;<a class=\"outbound-link\" title=\" role=\" href=\"https:\/\/www.dailymotion.com\/video\/x8jhsk7\" target=\"_blank\" rel=\"noopener nofollow\" data-test-id=\"home-feeds\" data-vars-anchor-link=\"https:\/\/www.dailymotion.com\/video\/x8jhsk7\">On en est o\u00f9 de notre rapport au travail ? \u2013 Brut Philo &#8211; Vid\u00e9o Dailymotion<\/a><\/h3>\n<p class=\"post__excerpt css-1j1cb4m e1ddxs070\" data-test-id=\"excerpt-text\">&#8220;Qui a envie de travailler plus ?&#8221; BRUT PHILO. Retraite, semaine de 4 jours\u2026 Mais au fait, on en est o\u00f9 de notre rapport au travail en 2023 ?<\/p>\n<h3>&#x27a1;&#xfe0f;<a class=\"outbound-link\" title=\" role=\" href=\"https:\/\/www.cegos.fr\/ressources\/news\/webinar-rse-quelles-competences-developper-pour-agir-vraiment\" target=\"_blank\" rel=\"noopener nofollow\" data-test-id=\"home-feeds\" data-vars-anchor-link=\"https:\/\/www.cegos.fr\/ressources\/news\/webinar-rse-quelles-competences-developper-pour-agir-vraiment\">[Webinar] RSE : Quelles comp\u00e9tences d\u00e9velopper pour agir vraiment ?<\/a><\/h3>\n<p class=\"post__excerpt css-1j1cb4m e1ddxs070\" data-test-id=\"excerpt-text\">Marque employeur, performance durable, strat\u00e9gie responsable\u2026. Mettre en place une d\u00e9marche RSE est une \u00e9vidence. Mais par o\u00f9 commencer ?<\/p>\n<h3>&#x27a1;&#xfe0f;<a class=\"outbound-link\" title=\" role=\" href=\"https:\/\/www.sudouest.fr\/economie\/reforme-des-retraites\/reforme-des-retraites-le-cdi-senior-sera-t-il-l-arme-absolue-en-faveur-de-l-emploi-des-60-et-plus-14601155.php\" target=\"_blank\" rel=\"noopener nofollow\" data-test-id=\"home-feeds\" data-vars-anchor-link=\"https:\/\/www.sudouest.fr\/economie\/reforme-des-retraites\/reforme-des-retraites-le-cdi-senior-sera-t-il-l-arme-absolue-en-faveur-de-l-emploi-des-60-et-plus-14601155.php\">R\u00e9forme des retraites : le \u00ab CDI senior \u00bb sera-t-il l\u2019arme absolue en faveur de l\u2019emploi des 60 et plus ?<\/a><\/h3>\n<p class=\"post__excerpt css-1j1cb4m e1ddxs070\" data-test-id=\"excerpt-text\">Pour faciliter l\u2019embauche de seniors, les s\u00e9nateurs de la droite et du centre ont adopt\u00e9, par 202 voix contre 123<\/p>\n<h3>&#x27a1;&#xfe0f;<a class=\"outbound-link\" title=\" role=\" href=\"https:\/\/www.journaldunet.com\/management\/efficacite-personnelle\/1520765-10-lois-a-connaitre-pour-survivre-en-entreprise\/\" target=\"_blank\" rel=\"noopener nofollow\" data-test-id=\"home-feeds\" data-vars-anchor-link=\"https:\/\/www.journaldunet.com\/management\/efficacite-personnelle\/1520765-10-lois-a-connaitre-pour-survivre-en-entreprise\/\">10 lois \u00e0 conna\u00eetre pour survivre en entreprise<\/a><\/h3>\n<p class=\"post__excerpt css-1j1cb4m e1ddxs070\" data-test-id=\"excerpt-text\">D\u00e9couvrez notamment le principe de Peter qui explique l&#8217;incomp\u00e9tence des managers et la loi de futilit\u00e9 de Parkinson qui d\u00e9crypte la perte de temps<\/p>\n<h3>&#x27a1;&#xfe0f;<a class=\"outbound-link\" title=\" role=\" href=\"https:\/\/www.forbes.fr\/management\/il-est-grand-temps-dabandonner-le-terme-de-soft-skills\/\" target=\"_blank\" rel=\"noopener nofollow\" data-test-id=\"home-feeds\" data-vars-anchor-link=\"https:\/\/www.forbes.fr\/management\/il-est-grand-temps-dabandonner-le-terme-de-soft-skills\/\">Il est grand temps d\u2019abandonner le terme de \u00ab soft skills \u00bb &#8211; Forbes France<\/a><\/h3>\n<p class=\"post__excerpt css-1j1cb4m e1ddxs070\" data-test-id=\"excerpt-text\">Il est grand temps d\u2019abandonner le terme de \u00ab soft skills \u00bb Il est grand temps d\u2019abandonner le terme de \u00ab soft skills \u00bb<\/p>\n<h3>&#x27a1;&#xfe0f;<\/h3>\n<h3 class=\"css-1cj68a2 e1c896q80\"><a class=\"outbound-link\" title=\" role=\" href=\"https:\/\/www.lesechos.fr\/tech-medias\/intelligence-artificielle\/chatgpt-et-lia-menacent-300-millions-demplois-dans-le-monde-selon-goldman-sachs-1919968\" target=\"_blank\" rel=\"noopener nofollow\" data-test-id=\"home-feeds\" data-vars-anchor-link=\"https:\/\/www.lesechos.fr\/tech-medias\/intelligence-artificielle\/chatgpt-et-lia-menacent-300-millions-demplois-dans-le-monde-selon-goldman-sachs-1919968\">ChatGPT et l&#8217;IA menacent 300 millions d&#8217;emplois dans le monde, selon Goldman Sachs<\/a><\/h3>\n<p class=\"post__excerpt css-1j1cb4m e1ddxs070\" data-test-id=\"excerpt-text\">Voici de quoi faire trembler les cols blancs. A l&#8217;instar de ChatGPT, les syst\u00e8mes d&#8217;intelligence artificielle g\u00e9n\u00e9rative pourraient entra\u00eener des licenciements massif<\/p>\n<h3>Tu veux recruter en moins de 30 jours ?<\/h3>\n<ul>\n<li>Pour d\u00e9couvrir notre base de talents et trouver votre perle rare, c&#8217;est ici : <a href=\"https:\/\/matching.digirocks.fr\/talents\" target=\"_blank\" rel=\"noopener\">https:\/\/matching.digirocks.fr\/talents<\/a><\/li>\n<li>Si vous souhaitez \u00eatre accompagn\u00e9s dans votre processus de recrutement, prenons 30min pour parler de votre projet de recrutement : <a href=\"https:\/\/bettercall.digirocks.fr\/lpa\/\" target=\"_blank\" rel=\"noopener\">https:\/\/bettercall.digirocks.fr\/lpa\/<\/a><\/li>\n<\/ul>\n<p>digiRocks le fait d\u00e9j\u00e0 pour ses clients dans le secteur presse \/ m\u00e9dia BtoB et BtoC, la FinTech, startup marketing, le e-retail\u2026, gr\u00e2ce \u00e0 son \u00e9quipe +15 Rockers experts du digital et une base interne de +8000 digital Talents certifi\u00e9s.<\/p>\n","protected":false},"excerpt":{"rendered":"<p>digiRocks Recruiter Press Review<br \/>\nVous recrutez, vous n&#8217;avez pas le temps de faire votre veille ?<br \/>\nWe're happy to help (watch by Herv\u00e9<\/p>","protected":false},"author":30,"featured_media":27731,"comment_status":"open","ping_status":"open","sticky":false,"template":"","format":"standard","meta":{"_acf_changed":false,"footnotes":""},"categories":[318,323,321],"tags":[],"class_list":["post-27730","post","type-post","status-publish","format-standard","has-post-thumbnail","hentry","category-manager-rh","category-revue-de-presse","category-talent-candidat"],"acf":[],"_links":{"self":[{"href":"https:\/\/www.digirocks.fr\/en\/wp-json\/wp\/v2\/posts\/27730","targetHints":{"allow":["GET"]}}],"collection":[{"href":"https:\/\/www.digirocks.fr\/en\/wp-json\/wp\/v2\/posts"}],"about":[{"href":"https:\/\/www.digirocks.fr\/en\/wp-json\/wp\/v2\/types\/post"}],"author":[{"embeddable":true,"href":"https:\/\/www.digirocks.fr\/en\/wp-json\/wp\/v2\/users\/30"}],"replies":[{"embeddable":true,"href":"https:\/\/www.digirocks.fr\/en\/wp-json\/wp\/v2\/comments?post=27730"}],"version-history":[{"count":2,"href":"https:\/\/www.digirocks.fr\/en\/wp-json\/wp\/v2\/posts\/27730\/revisions"}],"predecessor-version":[{"id":58906,"href":"https:\/\/www.digirocks.fr\/en\/wp-json\/wp\/v2\/posts\/27730\/revisions\/58906"}],"wp:featuredmedia":[{"embeddable":true,"href":"https:\/\/www.digirocks.fr\/en\/wp-json\/wp\/v2\/media\/27731"}],"wp:attachment":[{"href":"https:\/\/www.digirocks.fr\/en\/wp-json\/wp\/v2\/media?parent=27730"}],"wp:term":[{"taxonomy":"category","embeddable":true,"href":"https:\/\/www.digirocks.fr\/en\/wp-json\/wp\/v2\/categories?post=27730"},{"taxonomy":"post_tag","embeddable":true,"href":"https:\/\/www.digirocks.fr\/en\/wp-json\/wp\/v2\/tags?post=27730"}],"curies":[{"name":"wp","href":"https:\/\/api.w.org\/{rel}","templated":true}]}}