{"id":27738,"date":"2023-04-26T13:49:55","date_gmt":"2023-04-26T13:49:55","guid":{"rendered":"https:\/\/www.digirocks.fr\/recrute-un-expert-marketing-digital\/"},"modified":"2025-05-12T16:14:22","modified_gmt":"2025-05-12T16:14:22","slug":"recrute-un-expert-marketing-digital","status":"publish","type":"post","link":"https:\/\/www.digirocks.fr\/en\/recrute-un-expert-marketing-digital\/","title":{"rendered":"Antalis recrute un expert Marketing digital"},"content":{"rendered":"<div data-elementor-type=\"wp-post\" data-elementor-id=\"27738\" class=\"elementor elementor-27738\" data-elementor-post-type=\"post\">\n\t\t\t\t\t\t<section class=\"elementor-section elementor-top-section elementor-element elementor-element-6b0ef430 elementor-section-boxed elementor-section-height-default elementor-section-height-default\" data-id=\"6b0ef430\" data-element_type=\"section\" data-e-type=\"section\">\n\t\t\t\t\t\t<div class=\"elementor-container elementor-column-gap-default\">\n\t\t\t\t\t<div class=\"elementor-column elementor-col-100 elementor-top-column elementor-element elementor-element-2a91a736\" data-id=\"2a91a736\" data-element_type=\"column\" data-e-type=\"column\">\n\t\t\t<div class=\"elementor-widget-wrap elementor-element-populated\">\n\t\t\t\t\t\t<div class=\"elementor-element elementor-element-60faea77 elementor-widget elementor-widget-text-editor\" data-id=\"60faea77\" data-element_type=\"widget\" data-e-type=\"widget\" data-widget_type=\"text-editor.default\">\n\t\t\t\t<div class=\"elementor-widget-container\">\n\t\t\t\t\t\t\t\t\t<h2><span class=\"JsGRdQ\"><a href=\"https:\/\/www.antalis.fr\/eshop\/home\" target=\"_blank\" rel=\"noopener\">Antalis<\/a> recrute un expert Marketing digital avec digiRocks<\/span><\/h2><h3>Dans le march\u00e9 actuel du recrutement, pas toujours facile d&#8217;\u00e9crire la bonne annonce qui permettra d&#8217;attirer les Talents !<\/h3><p>C&#8217;est le probl\u00e8me auquel a \u00e9t\u00e9 confront\u00e9 <a href=\"https:\/\/www.linkedin.com\/in\/cyril-brejcka\/\" target=\"_blank\" rel=\"noopener\">Cyril Brejcka<\/a>, Head Of Digital Marketing chez <a href=\"https:\/\/www.antalis.fr\/eshop\/home\" target=\"_blank\" rel=\"noopener\">Antalis<\/a> lorsqu&#8217;il recherchait un Responsable Marketing Digital.<\/p><p>D\u00e9couvrez son t\u00e9moignage et comment <a href=\"https:\/\/www.digirocks.fr\/en\/rockers\/benjamin-di-rienzo\/\">Benjamin<\/a> de digiRocks l&#8217;a aid\u00e9 \u00e0 trouver le parfait Talent pour son poste.<\/p><p>\u00a0<\/p>\t\t\t\t\t\t\t\t<\/div>\n\t\t\t\t<\/div>\n\t\t\t\t<div class=\"elementor-element elementor-element-795e49d elementor-widget elementor-widget-video\" data-id=\"795e49d\" data-element_type=\"widget\" data-e-type=\"widget\" data-settings=\"{&quot;youtube_url&quot;:&quot;https:\\\/\\\/youtu.be\\\/gjXSyuG3vjA&quot;,&quot;video_type&quot;:&quot;youtube&quot;,&quot;controls&quot;:&quot;yes&quot;}\" data-widget_type=\"video.default\">\n\t\t\t\t<div class=\"elementor-widget-container\">\n\t\t\t\t\t\t\t<div class=\"elementor-wrapper elementor-open-inline\">\n\t\t\t<div class=\"elementor-video\"><\/div>\t\t<\/div>\n\t\t\t\t\t\t<\/div>\n\t\t\t\t<\/div>\n\t\t\t\t<div class=\"elementor-element elementor-element-69cce06 elementor-widget elementor-widget-text-editor\" data-id=\"69cce06\" data-element_type=\"widget\" data-e-type=\"widget\" data-widget_type=\"text-editor.default\">\n\t\t\t\t<div class=\"elementor-widget-container\">\n\t\t\t\t\t\t\t\t\t<p><span style=\"font-size: 25px; font-weight: bold;\">Transcript :<\/span><span style=\"font-size: 25px; font-weight: bold;\">\u00a0<\/span><a style=\"font-size: 25px; font-weight: bold; background-color: #ffffff;\" href=\"https:\/\/www.antalis.fr\/eshop\/home\" target=\"_blank\" rel=\"noopener\">Antalis<\/a><span style=\"font-size: 25px; font-weight: bold;\">\u00a0<\/span><span style=\"font-size: 25px; font-weight: bold;\">recrute un expert Marketing digital avec digiRocks<\/span><\/p><p><span style=\"font-weight: bolder; font-family: Quicksand, sans-serif; color: #384047;\">Qui es-tu et quel est ton m\u00e9tier ?\u00a0<\/span><\/p><p>Bonjour, je suis Cyril\u00a0Brejcka.<\/p><p>Je suis en charge du e-business et du digital pour la France, les Pays-Bas et la Belgique. Antalis est une soci\u00e9t\u00e9 de distribution B2B de supports d&#8217;impression et de produits d&#8217;emballage.<\/p><p><span style=\"font-weight: bolder; font-family: Quicksand, sans-serif; color: #384047;\">Quels m\u00e9tiers du digital recherches-tu ?<\/span><\/p><p>Nous recherchions en fait notre responsable marketing digital pour la France, les Pays-Bas et la Belgique. C&#8217;est la raison pour laquelle nous nous sommes rapproch\u00e9s de digiRocks.<\/p><p><span style=\"font-weight: bolder; font-family: Quicksand, sans-serif; color: #384047;\">Comment digiRocks t&#8217;a-t-il aid\u00e9 ?<\/span><\/p><p>digiRocks nous a aid\u00e9 premi\u00e8rement \u00e0 faire le pitch. Globalement pas toujours tr\u00e8s simple de cr\u00e9er un pitch, ce n\u2019est pas quelque chose de tr\u00e8s naturel. Deuxi\u00e8mement, ils ont fait une s\u00e9lection de candidats, ils nous ont \u00e9cout\u00e9s. Ca s\u2019est fait en plusieurs phases. Ils nous ont \u00e9cout\u00e9 sur le p\u00e9rim\u00e8tre du poste. Et ils ont su apporter leur touche et nous conseiller et nous proposer des candidats qui correspondaient \u00e0 ce qu\u2019on voulait.<\/p><p><span style=\"font-weight: bolder; font-family: Quicksand, sans-serif; color: #384047;\">digiRocks en 3 mots<\/span><\/p><p>Alors pour moi, digiRocks en trois mots. Des pros, des pros du digital et du recrutement. Une agence tr\u00e8s r\u00e9active et comp\u00e9tente en mati\u00e8re de produits digitaux et de recrutement. Une agence qui n&#8217;h\u00e9site pas \u00e0 \u00eatre \u00e0 la pointe de la technologie, c&#8217;est bien. Et puis, le c\u00f4t\u00e9 2.0 de l&#8217;agence de recrutement que j\u2019ai particuli\u00e8rement appr\u00e9ci\u00e9, donc merci digiRocks.<\/p>\t\t\t\t\t\t\t\t<\/div>\n\t\t\t\t<\/div>\n\t\t\t\t\t<\/div>\n\t\t<\/div>\n\t\t\t\t\t<\/div>\n\t\t<\/section>\n\t\t\t\t<\/div>","protected":false},"excerpt":{"rendered":"<p>Antalis recrute un expert Marketing digital avec digiRocks Dans le march\u00e9 actuel du recrutement, pas toujours facile d&#8217;\u00e9crire la bonne annonce qui permettra d&#8217;attirer les Talents ! C&#8217;est le probl\u00e8me auquel a \u00e9t\u00e9 confront\u00e9 Cyril Brejcka, Head Of Digital Marketing [&hellip;]<\/p>\n","protected":false},"author":30,"featured_media":27739,"comment_status":"open","ping_status":"open","sticky":false,"template":"","format":"standard","meta":{"_acf_changed":false,"footnotes":""},"categories":[320],"tags":[],"class_list":["post-27738","post","type-post","status-publish","format-standard","has-post-thumbnail","hentry","category-diginews"],"acf":[],"_links":{"self":[{"href":"https:\/\/www.digirocks.fr\/en\/wp-json\/wp\/v2\/posts\/27738","targetHints":{"allow":["GET"]}}],"collection":[{"href":"https:\/\/www.digirocks.fr\/en\/wp-json\/wp\/v2\/posts"}],"about":[{"href":"https:\/\/www.digirocks.fr\/en\/wp-json\/wp\/v2\/types\/post"}],"author":[{"embeddable":true,"href":"https:\/\/www.digirocks.fr\/en\/wp-json\/wp\/v2\/users\/30"}],"replies":[{"embeddable":true,"href":"https:\/\/www.digirocks.fr\/en\/wp-json\/wp\/v2\/comments?post=27738"}],"version-history":[{"count":5,"href":"https:\/\/www.digirocks.fr\/en\/wp-json\/wp\/v2\/posts\/27738\/revisions"}],"predecessor-version":[{"id":37731,"href":"https:\/\/www.digirocks.fr\/en\/wp-json\/wp\/v2\/posts\/27738\/revisions\/37731"}],"wp:featuredmedia":[{"embeddable":true,"href":"https:\/\/www.digirocks.fr\/en\/wp-json\/wp\/v2\/media\/27739"}],"wp:attachment":[{"href":"https:\/\/www.digirocks.fr\/en\/wp-json\/wp\/v2\/media?parent=27738"}],"wp:term":[{"taxonomy":"category","embeddable":true,"href":"https:\/\/www.digirocks.fr\/en\/wp-json\/wp\/v2\/categories?post=27738"},{"taxonomy":"post_tag","embeddable":true,"href":"https:\/\/www.digirocks.fr\/en\/wp-json\/wp\/v2\/tags?post=27738"}],"curies":[{"name":"wp","href":"https:\/\/api.w.org\/{rel}","templated":true}]}}