{"id":27744,"date":"2023-04-12T15:10:39","date_gmt":"2023-04-12T15:10:39","guid":{"rendered":"https:\/\/www.digirocks.fr\/emilie-etait-au-sommet\/"},"modified":"2025-09-04T17:54:46","modified_gmt":"2025-09-04T17:54:46","slug":"emilie-was-at-the-top","status":"publish","type":"post","link":"https:\/\/www.digirocks.fr\/en\/emilie-was-at-the-top\/","title":{"rendered":"&#8216;@Emilie \u00e9tait au #Sommets et c&#8217;\u00e9tait La Folie Douce !"},"content":{"rendered":"<h3>Our <a href=\"https:\/\/www.digirocks.fr\/en\/rockers\/emilie-dumas\/\">Emilie rockeuse\/COO<\/a> back from the Summits, she tells...<\/h3>\n<h2>Il y a une semaine j&#8217;\u00e9tais au <strong>#<a href=\"https:\/\/www.les-sommets.fr\/\" target=\"_blank\" rel=\"noopener\">Summits<\/a><\/strong> et c&#8217;\u00e9tait La Folie Douce !<\/h2>\n<p>I'll tell you (almost) everything here<\/p>\n<p>Visit <strong>#folie<\/strong> : un beau programme, du fun, du pro, du r\u00e9seau, du rythme, on ne s&#8217;ennuie pas !<\/p>\n<p>Visit <strong>#weezer<\/strong> We'd like to share with you our impressions of this place and the interventions that call for stepping back and disconnecting.  \u200d\u2640\ufe0f<\/p>\n<blockquote>\n<p style=\"padding-left: 40px;\">Je dois vous dire que j&#8217;appr\u00e9hendais fortement le fait de rester passive, en \u00e9coute assise dans un fauteuil d&#8217;auditorium plusieurs heures par jour (moi qui aime \u00eatre dans l&#8217;action) &#8211; mais j&#8217;ai \u00e9t\u00e9 emport\u00e9e par les interventions.<\/p>\n<\/blockquote>\n<p><strong>Philippe Dessertine<\/strong> m&#8217;a r\u00e9concili\u00e9 avec l&#8217;\u00e9conomie et les avanc\u00e9es scientifiques prodigieuses que nous vivons. Elles vont permettre de muter vers un nouveau mod\u00e8le \u00e0 l&#8217;\u00e9chelle mondiale : celui d&#8217;un PIB immat\u00e9riel, \u00e0 impact<\/p>\n<p><strong>Benoit Raphael<\/strong>, <strong>Th\u00e9o Leblanc<\/strong> and <strong>Cyrille de Lasteyrie<\/strong> ont chacun leur tour fait la d\u00e9monstration que NON &#x274c; l&#8217;<strong>1TP5Artificial intelligence<\/strong> ne va pas nous remplacer. Ouf ! C&#8217;est un outil efficace s&#8217;il est entre de bonnes mains, d&#8217;<strong>#human<\/strong><\/p>\n<p><strong>Philippe Berlan<\/strong> (CEO La redoute), <strong>Anne Browaeys<\/strong> (Club Med), <strong>Romain Millet<\/strong> (DG Millet) in turn spoke about their company's transformation.<\/p>\n<h3>J&#8217;en retiens 3 id\u00e9es fortes sur la transformation de leur entreprise :<\/h3>\n<ul>\n<li>\n<h4>L&#8217;Humain est toujours au coeur<\/h4>\n<\/li>\n<li>\n<h4>Chaque transformation vient d&#8217;un probl\u00e8me<\/h4>\n<\/li>\n<li>\n<h4>Audacity and sincerity\/trust are key values<\/h4>\n<\/li>\n<\/ul>\n<p><strong>Ang\u00e9lique GERARD<\/strong> and <strong>Laura Lesueur<\/strong> nous ont parl\u00e9 de f\u00e9minisme avec nuance pour d\u00e9fendre un combat moins extr\u00eame et plus inclusif, o\u00f9 il est plus globalement question de diversit\u00e9 et d&#8217;inclusion. Une posture nuanc\u00e9e dans laquelle je m&#8217;inscris totalement.<\/p>\n<p><strong>Alexandre Fauvet<\/strong> (CEO Fusalp), <strong>Romain Lacroix<\/strong> (CEO MAPED), <strong>David Merle<\/strong> (CEO Bonnevale waters) discussed the theme of responsible products. 3 points emerged:<\/p>\n<ul>\n<li>Le produit responsable c&#8217;est celui qu&#8217;on ne produit pas<\/li>\n<li>La question est celle de l&#8217;utilit\u00e9<\/li>\n<li>Le conso n&#8217;est pas pr\u00eat \u00e0 payer plus<\/li>\n<\/ul>\n<figure id=\"attachment_12376\" aria-describedby=\"caption-attachment-12376\" style=\"width: 300px\" class=\"wp-caption alignright\"><img fetchpriority=\"high\" decoding=\"async\" class=\"size-medium wp-image-12376\" src=\"https:\/\/www.digirocks.fr\/wp-content\/uploads\/2023\/04\/sommet2-300x213.png\" alt=\"Emilie \u00e9tait aux Sommets\" width=\"300\" height=\"213\" title=\"\"><figcaption id=\"caption-attachment-12376\" class=\"wp-caption-text\">Emilie was on top<\/figcaption><\/figure>\n<p><strong>Blaise Agresti<\/strong> and <strong>Laurence Bret-Stern<\/strong> from <strong>Mountain Path<\/strong> nous ont fait prendre de la hauteur en comparant l&#8217;ascension d&#8217;un sommet \u00e0 celle d&#8217;une entreprise avec de nombreux parall\u00e8les : Bien choisir son sommet, Avoir la bonne cord\u00e9e (\u00e9quipe) et le bon leader, Accepter le risque, Limiter le risque&#8230; et l&#8217;importance du Consensus ! <strong>Gael Musquet<\/strong> drew another parallel, with hurricanes, and the fact that we often arrive too late, because we're not prepared enough. <strong>Guerlain Chicherit<\/strong> nous a lui aussi parl\u00e9 de pr\u00e9paration et de prise de risque, et \u00e7a lui a plut\u00f4t r\u00e9ussi<\/p>\n<p><strong>Julien Devaureix<\/strong> nous a \u00e9clair\u00e9 sur &#8220;le monde qui change et on n&#8217;y comprend rien&#8221; (le titre de son livre). On vit dans un monde o\u00f9 on avance, on s&#8217;adapte, il faut aller vite.. et on se pose trop rarement les vraies questions. &#8220;Le monde est un vaste th\u00e9\u00e2tre, jetons ensemble un oeil aux coulisses, et revenons sur sc\u00e8ne plus lucides.&#8221;<\/p>\n<p>Enfin, et j&#8217;ai gard\u00e9 le meilleur pour la fin, meilleur au sens de ce qui m&#8217;a le plus touch\u00e9e :<\/p>\n<ul>\n<li>Sylvain Tesson, \u00e9crivain c\u00e9l\u00e8bre, qui parle du progr\u00e8s comme de le d\u00e9veloppement d&#8217;une erreur et nous appelle \u00e0 nous reconnecter \u00e0 l&#8217;essentiel : la nature<\/li>\n<li>Alexandre Jollien, philosophe, qui nous invite \u00e0 &#8220;construire des ponts plut\u00f4t que des murs&#8221;, \u00e0 vivre une vie sans pourquoi et sans \u00e9tiquette.<\/li>\n<li><strong>Tamara Klink<\/strong>, navigatrice de 26 ans, qui nous fait la d\u00e9monstration qu&#8217;on peut \u201cfaire beaucoup avec tr\u00e8s peu\u201d, je vous en reparlerai.<\/li>\n<\/ul>\n<p>Bravo \u00e0 ceux qui sont arriv\u00e9s jusque l\u00e0, je vous avais pr\u00e9venus, c&#8217;\u00e9tait riche !<\/p>\n<p>Merci <strong>Sophie<\/strong> and <strong>Xavier<\/strong> et toute l&#8217;\u00e9quipe pour l&#8217;organisation de ce bel \u00e9v\u00e8nement. Et <strong>David Abiker<\/strong> pour l&#8217;animation de ces 3 jours d&#8217;exception.<\/p>","protected":false},"excerpt":{"rendered":"<p>Notre Emilie rockeuse\/COO revient des Sommets, elle raconte&#8230; c&#8217;\u00e9tait La Folie Douce !<\/p>","protected":false},"author":30,"featured_media":27745,"comment_status":"open","ping_status":"open","sticky":false,"template":"","format":"standard","meta":{"_acf_changed":false,"footnotes":""},"categories":[318,38],"tags":[],"class_list":["post-27744","post","type-post","status-publish","format-standard","has-post-thumbnail","hentry","category-manager-rh","category-ressources"],"acf":[],"_links":{"self":[{"href":"https:\/\/www.digirocks.fr\/en\/wp-json\/wp\/v2\/posts\/27744","targetHints":{"allow":["GET"]}}],"collection":[{"href":"https:\/\/www.digirocks.fr\/en\/wp-json\/wp\/v2\/posts"}],"about":[{"href":"https:\/\/www.digirocks.fr\/en\/wp-json\/wp\/v2\/types\/post"}],"author":[{"embeddable":true,"href":"https:\/\/www.digirocks.fr\/en\/wp-json\/wp\/v2\/users\/30"}],"replies":[{"embeddable":true,"href":"https:\/\/www.digirocks.fr\/en\/wp-json\/wp\/v2\/comments?post=27744"}],"version-history":[{"count":3,"href":"https:\/\/www.digirocks.fr\/en\/wp-json\/wp\/v2\/posts\/27744\/revisions"}],"predecessor-version":[{"id":58910,"href":"https:\/\/www.digirocks.fr\/en\/wp-json\/wp\/v2\/posts\/27744\/revisions\/58910"}],"wp:featuredmedia":[{"embeddable":true,"href":"https:\/\/www.digirocks.fr\/en\/wp-json\/wp\/v2\/media\/27745"}],"wp:attachment":[{"href":"https:\/\/www.digirocks.fr\/en\/wp-json\/wp\/v2\/media?parent=27744"}],"wp:term":[{"taxonomy":"category","embeddable":true,"href":"https:\/\/www.digirocks.fr\/en\/wp-json\/wp\/v2\/categories?post=27744"},{"taxonomy":"post_tag","embeddable":true,"href":"https:\/\/www.digirocks.fr\/en\/wp-json\/wp\/v2\/tags?post=27744"}],"curies":[{"name":"wp","href":"https:\/\/api.w.org\/{rel}","templated":true}]}}