{"id":27752,"date":"2023-04-21T09:52:47","date_gmt":"2023-04-21T09:52:47","guid":{"rendered":"https:\/\/www.digirocks.fr\/revue-de-presse-recruteur-21-avril-2023\/"},"modified":"2023-04-28T16:26:31","modified_gmt":"2023-04-28T16:26:31","slug":"revue-de-presse-recruteur-21-avril-2023","status":"publish","type":"post","link":"https:\/\/www.digirocks.fr\/en\/revue-de-presse-recruteur-21-avril-2023\/","title":{"rendered":"Casseroles ? Revue de Presse Recruteur &#8211; 21 avril 2023"},"content":{"rendered":"<h2>Revue de Presse Recruteur digiRocks : les casseroles qu\u2019il ne fallait pas manquer cette semaine<\/h2>\n<figure id=\"attachment_12525\" aria-describedby=\"caption-attachment-12525\" style=\"width: 300px\" class=\"wp-caption alignright\"><img fetchpriority=\"high\" decoding=\"async\" class=\"wp-image-12525 size-medium\" src=\"https:\/\/www.digirocks.fr\/wp-content\/uploads\/2023\/04\/09021733019-web-tete-300x169.webp\" alt=\"Casseroles ? Revue de Presse Recruteur - 21avril 2023\" width=\"300\" height=\"169\" title=\"\"><figcaption id=\"caption-attachment-12525\" class=\"wp-caption-text\">Casseroles? Revue de presse recruteur<\/figcaption><\/figure>\n<p style=\"padding-left: 40px;\">Vous recrutez, vous n&#8217;avez pas le temps de faire votre veille ?<br \/>\nWe're happy to help (watch by <a href=\"https:\/\/www.digirocks.fr\/en\/rockers\/herve\/\">Herv\u00e9<\/a>with <a href=\"https:\/\/flipboard.com\/@valvert\/recruteur-news-sgjs678cy\" target=\"_blank\" rel=\"noopener\">Flipboard &#8220;Recruteur News&#8221;<\/a> and <a href=\"https:\/\/paper.li\/EyXvrVwYtixx7WUtx74KR\" target=\"_blank\" rel=\"noopener\">Paper.li &#8220;La veille du recruteur&#8221;<\/a>\u00a0)<\/p>\n<p>Cette semaine est encore tr\u00e8s marqu\u00e9e par l&#8217;actualit\u00e9 sociale (encore !), \u00e0 coups de casseroles interdites et\u00a0 (j&#8217;attends de pouvoir demander \u00e0 #ChatGPT de me pondre ma veille &#x1f63a;)<\/p>\n<h3>\u27a1\ufe0f<a class=\"outbound-link\" title=\" role=\" href=\"https:\/\/www.lexpress.fr\/economie\/entreprises\/semaine-de-quatre-jours-quand-les-entreprises-doivent-revoir-leur-organisation-7CK53UR2CJCB3I2Q7MDELHXTSU\/\" target=\"_blank\" rel=\"noopener nofollow\" data-test-id=\"home-feeds\" data-vars-anchor-link=\"https:\/\/www.lexpress.fr\/economie\/entreprises\/semaine-de-quatre-jours-quand-les-entreprises-doivent-revoir-leur-organisation-7CK53UR2CJCB3I2Q7MDELHXTSU\/\">Semaine de quatre jours : quand les entreprises doivent repenser leur organisation<\/a><\/h3>\n<p>Trois heures de travail chaque jour et par roulement ou une semaine de quinze heures&#8221; : en 1930, en pleine crise \u00e9conomique et sociale, John Maynard Keynes imagine dans sa Lettre \u00e0 nos petits-enfants un avenir o\u00f9 la m\u00e9canisation et les avanc\u00e9es du capitalisme permettraient de &#8220;consacrer nos \u00e9nergies encore disponibles \u00e0 des buts non \u00e9conomiques&#8221;. Son horizon ? L\u2019ann\u00e9e 2030.<\/p>\n<h3>\u27a1\ufe0f<a class=\"outbound-link\" title=\" role=\" href=\"https:\/\/start.lesechos.fr\/travailler-mieux\/metiers-reconversion\/leconomie-francaise-manque-de-chefs-de-projet-face-aux-defis-numerique-et-climatique-1934706\" target=\"_blank\" rel=\"noopener nofollow\" data-test-id=\"home-feeds\" data-vars-anchor-link=\"https:\/\/start.lesechos.fr\/travailler-mieux\/metiers-reconversion\/leconomie-francaise-manque-de-chefs-de-projet-face-aux-defis-numerique-et-climatique-1934706\">L&#8217;\u00e9conomie fran\u00e7aise manque de chefs de projet face aux d\u00e9fis num\u00e9rique et climatique !<\/a><\/h3>\n<p class=\"article-lede\">TRIBUNE\/\/ Pour r\u00e9ussir le d\u00e9fi de la transformation num\u00e9rique et de la transition \u00e9cologique, la France doit d\u00e9velopper une \u00ab \u00e9conomie du projet \u00bb soutenue par des professionnels suffisamment form\u00e9s \u00e0 ces enjeux. C&#8217;est la th\u00e8se que d\u00e9fend Pierre Le Manh, Pr\u00e9sident et CEO du Project Management Institute.<\/p>\n<h3>\u27a1\ufe0f<a class=\"outbound-link\" title=\" role=\" href=\"https:\/\/www.lopinion.fr\/economie\/les-patrons-cherchent-des-personnes-qui-travaillent-dur-alors-ils-recrutent-des-seniors\" target=\"_blank\" rel=\"noopener nofollow\" data-test-id=\"home-feeds\" data-vars-anchor-link=\"https:\/\/www.lopinion.fr\/economie\/les-patrons-cherchent-des-personnes-qui-travaillent-dur-alors-ils-recrutent-des-seniors\">Les patrons cherchent des personnes qui travaillent dur. Alors ils recrutent des seniors<\/a><\/h3>\n<p>Les entreprises qui engagent des seniors estiment que leur \u00e2ge est synonyme d\u2019une meilleure \u00e9thique professionnelle<\/p>\n<h3>\u27a1\ufe0f<a class=\"outbound-link\" title=\" role=\" href=\"https:\/\/www.20minutes.fr\/politique\/4033637-20230421-jeunesse-feignante-profondement-exigeante-estime-sarah-el-hairy\" target=\"_blank\" rel=\"noopener nofollow\" data-test-id=\"home-feeds\" data-vars-anchor-link=\"https:\/\/www.20minutes.fr\/politique\/4033637-20230421-jeunesse-feignante-profondement-exigeante-estime-sarah-el-hairy\">\u00ab La jeunesse n\u2019est pas feignante, elle est profond\u00e9ment exigeante \u00bb, estime Sarah El Ha\u00efry<\/a><\/h3>\n<p>\u00ab Cette g\u00e9n\u00e9ration est courageuse. \u00bb Sarah El Ha\u00efry, secr\u00e9taire d\u2019Etat charg\u00e9e de la Jeunesse et du Service national universel, \u00e9tait l\u2019invit\u00e9e de Cyril Viguier dans l\u2019\u00e9mission politique \u00ab Face aux Territoires \u00bb sur TV5 Monde, ce jeudi.<\/p>\n<h3>\u27a1\ufe0f<a class=\"outbound-link\" title=\" role=\" href=\"https:\/\/start.lesechos.fr\/travailler-mieux\/flexibilite-au-travail\/le-teletravail-a-t-il-tue-le-fun-au-bureau-1936844\" target=\"_blank\" rel=\"noopener nofollow\" data-test-id=\"home-feeds\" data-vars-anchor-link=\"https:\/\/start.lesechos.fr\/travailler-mieux\/flexibilite-au-travail\/le-teletravail-a-t-il-tue-le-fun-au-bureau-1936844\">Le t\u00e9l\u00e9travail a-t-il tu\u00e9 le fun au bureau ?<\/a><\/h3>\n<p>DECRYPTAGE\/\/ En trois ans de t\u00e9l\u00e9travail \u00e0 marche forc\u00e9e, nos sentiments envers le distanciel ont \u00e9volu\u00e9, de la peur \u00e0 la joie, en passant par la lassitude, voire la solitude. Quitte \u00e0 lui faire porter tous les maux du travail.<\/p>\n<h3>\u27a1\ufe0f<a class=\"outbound-link\" title=\" role=\" href=\"https:\/\/solutions.lesechos.fr\/business-development\/c\/manager-5-conseils-pour-favoriser-la-creativite-en-entreprise-37260\/\" target=\"_blank\" rel=\"noopener nofollow\" data-test-id=\"home-feeds\" data-vars-anchor-link=\"https:\/\/solutions.lesechos.fr\/business-development\/c\/manager-5-conseils-pour-favoriser-la-creativite-en-entreprise-37260\/\">Manager : 5 conseils pour favoriser la cr\u00e9ativit\u00e9 en entreprise<\/a><\/h3>\n<div>\n<p class=\"app_entry_lead\">En ce 21 avril 2023, l\u2019heure est \u00e0 la c\u00e9l\u00e9bration de\u00a0<strong>la journ\u00e9e mondiale de la cr\u00e9ativit\u00e9 et de l\u2019innovation<\/strong>. Initi\u00e9e par les Nations Unies il y a 13 ans aujourd\u2019hui, cette journ\u00e9e de sensibilisation vise \u00e0 promouvoir l\u2019innovation et la cr\u00e9ativit\u00e9 pour solutionner les probl\u00e9matiques actuelles de notre soci\u00e9t\u00e9, li\u00e9e au d\u00e9veloppement humain. Si la cr\u00e9ativit\u00e9 est une notion totalement subjective, elle repose sur les id\u00e9es humaines et la propri\u00e9t\u00e9 intellectuelle. L\u2019innovation s\u2019appuie sur les outils technologiques en \u00e9volution constante, permettant d\u2019exploiter le potentiel de l\u2019\u00e9conomie mondiale.<\/p>\n<h2 class=\"app_entry_lead\">&#x1f44d;Tu veux recruter en moins de 30 jours ?<\/h2>\n<\/div>\n<ul>\n<li>Pour d\u00e9couvrir notre base de talents et trouver votre perle rare, c&#8217;est ici : <a href=\"https:\/\/matching.digirocks.fr\/talents\" target=\"_blank\" rel=\"noopener\">https:\/\/matching.digirocks.fr\/talents<\/a><\/li>\n<li>If you would like us to support you in your recruitment process, let's take 30 minutes to talk about your recruitment project: <a href=\"https:\/\/bettercall.digirocks.fr\/lpa\/\" target=\"_blank\" rel=\"noopener\">https:\/\/bettercall.digirocks.fr\/lpa\/<\/a><\/li>\n<\/ul>\n<p>digiRocks already does this for its customers in the BtoB and BtoC press\/media sector, FinTech, startup marketing, e-retail..., thanks to its team of +15 expert digital Rockers and an internal database of +8000 certified digital Talents.<\/p>","protected":false},"excerpt":{"rendered":"<p>digiRocks Recruiter Press Review<br \/>\nVous recrutez, vous n&#8217;avez pas le temps de faire votre veille ?<br \/>\nWe're happy to help (watch by Herv\u00e9<\/p>","protected":false},"author":30,"featured_media":27753,"comment_status":"open","ping_status":"open","sticky":false,"template":"","format":"standard","meta":{"_acf_changed":false,"footnotes":""},"categories":[318,323,321],"tags":[],"class_list":["post-27752","post","type-post","status-publish","format-standard","has-post-thumbnail","hentry","category-manager-rh","category-revue-de-presse","category-talent-candidat"],"acf":[],"_links":{"self":[{"href":"https:\/\/www.digirocks.fr\/en\/wp-json\/wp\/v2\/posts\/27752","targetHints":{"allow":["GET"]}}],"collection":[{"href":"https:\/\/www.digirocks.fr\/en\/wp-json\/wp\/v2\/posts"}],"about":[{"href":"https:\/\/www.digirocks.fr\/en\/wp-json\/wp\/v2\/types\/post"}],"author":[{"embeddable":true,"href":"https:\/\/www.digirocks.fr\/en\/wp-json\/wp\/v2\/users\/30"}],"replies":[{"embeddable":true,"href":"https:\/\/www.digirocks.fr\/en\/wp-json\/wp\/v2\/comments?post=27752"}],"version-history":[{"count":1,"href":"https:\/\/www.digirocks.fr\/en\/wp-json\/wp\/v2\/posts\/27752\/revisions"}],"predecessor-version":[{"id":27988,"href":"https:\/\/www.digirocks.fr\/en\/wp-json\/wp\/v2\/posts\/27752\/revisions\/27988"}],"wp:featuredmedia":[{"embeddable":true,"href":"https:\/\/www.digirocks.fr\/en\/wp-json\/wp\/v2\/media\/27753"}],"wp:attachment":[{"href":"https:\/\/www.digirocks.fr\/en\/wp-json\/wp\/v2\/media?parent=27752"}],"wp:term":[{"taxonomy":"category","embeddable":true,"href":"https:\/\/www.digirocks.fr\/en\/wp-json\/wp\/v2\/categories?post=27752"},{"taxonomy":"post_tag","embeddable":true,"href":"https:\/\/www.digirocks.fr\/en\/wp-json\/wp\/v2\/tags?post=27752"}],"curies":[{"name":"wp","href":"https:\/\/api.w.org\/{rel}","templated":true}]}}