{"id":27772,"date":"1970-01-01T00:00:00","date_gmt":"1970-01-01T00:00:00","guid":{"rendered":"https:\/\/www.digirocks.fr\/antalis-recrute-un-expert-marketing-digital\/"},"modified":"2025-09-04T18:22:08","modified_gmt":"2025-09-04T18:22:08","slug":"antalis-recrute-un-expert-marketing-digital","status":"publish","type":"post","link":"https:\/\/www.digirocks.fr\/en\/antalis-recrute-un-expert-marketing-digital\/","title":{"rendered":"Antalis recrute un expert Marketing digital"},"content":{"rendered":"<h2><span class=\"JsGRdQ\"><a href=\"https:\/\/www.antalis.fr\/eshop\/home\" target=\"_blank\" rel=\"noopener\">Antalis<\/a> recrute un expert Marketing digital avec digiRocks<\/span><\/h2>\n<p>Dans le march\u00e9 actuel du recrutement, pas toujours facile d&#8217;\u00e9crire la bonne annonce qui permettra d&#8217;attirer les Talents !<\/p>\n<p>C&#8217;est le probl\u00e8me auquel a \u00e9t\u00e9 confront\u00e9 <a href=\"https:\/\/www.linkedin.com\/in\/cyril-brejcka\/\" target=\"_blank\" rel=\"noopener\">Cyril Brejcka<\/a>, Head Of Digital Marketing chez <a href=\"https:\/\/www.antalis.fr\/eshop\/home\" target=\"_blank\" rel=\"noopener\">Antalis<\/a> lorsqu&#8217;il recherchait un Responsable Marketing Digital.<\/p>\n<p>D\u00e9couvrez son t\u00e9moignage et comment <a href=\"https:\/\/www.digirocks.fr\/en\/rockers\/benjamin-di-rienzo\/\">Benjamin<\/a> de digiRocks l&#8217;a aid\u00e9 \u00e0 trouver le parfait Talent pour son poste.<\/p>\n<p>&nbsp;<\/p>\n<h2><span class=\"JsGRdQ\">Transcript : <a href=\"https:\/\/www.antalis.fr\/eshop\/home\" target=\"_blank\" rel=\"noopener\">Antalis<\/a> recrute un expert Marketing digital avec digiRocks<\/span><\/h2>\n<p><strong>Qui es-tu et quel est ton m\u00e9tier ?\u00a0<\/strong><\/p>\n<p>Bonjour, je suis Cyril\u00a0Brejcka.<\/p>\n<p>Je suis en charge du e-business et du digital pour la France, les Pays-Bas et la Belgique. Antalis est une soci\u00e9t\u00e9 de distribution B2B de supports d&#8217;impression et de produits d&#8217;emballage.<\/p>\n<p><strong>Quels m\u00e9tiers du digital recherches-tu ?<\/strong><\/p>\n<p>Nous recherchions en fait notre responsable marketing digital pour la France, les Pays-Bas et la Belgique. C&#8217;est la raison pour laquelle nous nous sommes rapproch\u00e9s de digiRocks.<\/p>\n<p><strong>Comment digiRocks t&#8217;a-t-il aid\u00e9 ?<\/strong><\/p>\n<p>digiRocks nous a aid\u00e9 premi\u00e8rement \u00e0 faire le pitch. Globalement pas toujours tr\u00e8s simple de cr\u00e9er un pitch, ce n\u2019est pas quelque chose de tr\u00e8s naturel. Deuxi\u00e8mement, ils ont fait une s\u00e9lection de candidats, ils nous ont \u00e9cout\u00e9s. Ca s\u2019est fait en plusieurs phases. Ils nous ont \u00e9cout\u00e9 sur le p\u00e9rim\u00e8tre du poste. Et ils ont su apporter leur touche et nous conseiller et nous proposer des candidats qui correspondaient \u00e0 ce qu\u2019on voulait.<\/p>\n<p><strong>digiRocks en 3 mots<\/strong><\/p>\n<p>Alors pour moi, digiRocks en trois mots. Des pros, des pros du digital et du recrutement. Une agence tr\u00e8s r\u00e9active et comp\u00e9tente en mati\u00e8re de produits digitaux et de recrutement. Une agence qui n&#8217;h\u00e9site pas \u00e0 \u00eatre \u00e0 la pointe de la technologie, c&#8217;est bien. Et puis, le c\u00f4t\u00e9 2.0 de l&#8217;agence de recrutement que j\u2019ai particuli\u00e8rement appr\u00e9ci\u00e9, donc merci digiRocks.<\/p>","protected":false},"excerpt":{"rendered":"<p>Antalis recrute un expert Marketing digital avec digiRocks Dans le march\u00e9 actuel du recrutement, pas toujours facile d&#8217;\u00e9crire la bonne annonce qui permettra d&#8217;attirer les Talents ! C&#8217;est le probl\u00e8me auquel a \u00e9t\u00e9 confront\u00e9 Cyril Brejcka, Head Of Digital Marketing [&hellip;]<\/p>\n","protected":false},"author":30,"featured_media":56513,"comment_status":"open","ping_status":"open","sticky":false,"template":"","format":"standard","meta":{"_acf_changed":false,"footnotes":""},"categories":[38],"tags":[],"class_list":["post-27772","post","type-post","status-publish","format-standard","has-post-thumbnail","hentry","category-ressources"],"acf":[],"_links":{"self":[{"href":"https:\/\/www.digirocks.fr\/en\/wp-json\/wp\/v2\/posts\/27772","targetHints":{"allow":["GET"]}}],"collection":[{"href":"https:\/\/www.digirocks.fr\/en\/wp-json\/wp\/v2\/posts"}],"about":[{"href":"https:\/\/www.digirocks.fr\/en\/wp-json\/wp\/v2\/types\/post"}],"author":[{"embeddable":true,"href":"https:\/\/www.digirocks.fr\/en\/wp-json\/wp\/v2\/users\/30"}],"replies":[{"embeddable":true,"href":"https:\/\/www.digirocks.fr\/en\/wp-json\/wp\/v2\/comments?post=27772"}],"version-history":[{"count":3,"href":"https:\/\/www.digirocks.fr\/en\/wp-json\/wp\/v2\/posts\/27772\/revisions"}],"predecessor-version":[{"id":58965,"href":"https:\/\/www.digirocks.fr\/en\/wp-json\/wp\/v2\/posts\/27772\/revisions\/58965"}],"wp:featuredmedia":[{"embeddable":true,"href":"https:\/\/www.digirocks.fr\/en\/wp-json\/wp\/v2\/media\/56513"}],"wp:attachment":[{"href":"https:\/\/www.digirocks.fr\/en\/wp-json\/wp\/v2\/media?parent=27772"}],"wp:term":[{"taxonomy":"category","embeddable":true,"href":"https:\/\/www.digirocks.fr\/en\/wp-json\/wp\/v2\/categories?post=27772"},{"taxonomy":"post_tag","embeddable":true,"href":"https:\/\/www.digirocks.fr\/en\/wp-json\/wp\/v2\/tags?post=27772"}],"curies":[{"name":"wp","href":"https:\/\/api.w.org\/{rel}","templated":true}]}}