{"id":37875,"date":"2023-05-05T10:11:34","date_gmt":"2023-05-05T10:11:34","guid":{"rendered":"https:\/\/www.digirocks.fr\/?p=37875"},"modified":"2023-05-05T10:11:55","modified_gmt":"2023-05-05T10:11:55","slug":"je-fais-une-depression-post-partum-meme-si-je-suis-un-homme","status":"publish","type":"post","link":"https:\/\/www.digirocks.fr\/en\/je-fais-une-depression-post-partum-meme-si-je-suis-un-homme\/","title":{"rendered":"Je fais une d\u00e9pression post-partum (m\u00eame si je suis un homme), et j&#8217;en parle sans honte"},"content":{"rendered":"<h2>\u00catre un homme ne nous prot\u00e8ge pas de tout : y compris de la d\u00e9pression post partum (le baby blues, chez les mamans)<\/h2>\n<h3>Il y a des moments o\u00f9 nous pouvons ressentir une fatigue intense, un vide \u00e9motionnel et des sympt\u00f4mes qui ressemblent \u00e0 ceux d&#8217;une d\u00e9pression post-partum.<\/h3>\n<p><img fetchpriority=\"high\" decoding=\"async\" class=\"alignright size-medium wp-image-37876\" src=\"https:\/\/www.digirocks.fr\/wp-content\/uploads\/2023\/05\/giphy-250x300.gif\" alt=\"Moms are awesome!\" width=\"250\" height=\"300\" title=\"\">Cela peut \u00eatre difficile \u00e0 comprendre \u00e9tant donn\u00e9 que cette situation est principalement associ\u00e9e aux femmes apr\u00e8s la naissance d&#8217;un enfant. Cependant, cela peut arriver \u00e0 n&#8217;importe qui, particuli\u00e8rement \u00e0 ceux qui viennent de terminer avec succ\u00e8s un projet passionnant. C&#8217;est mon cas aujourd&#8217;hui : j&#8217;ai des id\u00e9es noires, mal au ventre, l&#8217;\u0153il triste. Pourtant je viens de finir un projet merveilleux avec une \u00e9quipe fantastique ! J&#8217;ai mis des d\u00e9cennies \u00e0 capter ce qui pouvait m&#8217;affecter \u00e0 la suite de grands projets : r\u00e9alisations perso, \u00e9v\u00e9nements professionnels comme &#8220;Shake your ecommerce&#8221;, par exemple.<\/p>\n<h3>La d\u00e9pression post-partum ou post-projet, une situation (banale en fait) qui doit \u00eatre trait\u00e9e avec soin.<\/h3>\n<h4>Quelles sont les causes de cette forme de d\u00e9pression chez les humains apr\u00e8s avoir termin\u00e9 quelque chose de grand ?<\/h4>\n<h3>Il est \u00e9vident que <strong>la fatigue est l&#8217;un des sympt\u00f4mes les plus caract\u00e9ristiques de cette forme de d\u00e9pression<\/strong>. Mais pas le seul&#8230;<\/h3>\n<p>Cependant, il y a autre chose derri\u00e8re cette fatigue que le simple fait de travailler dur. Lorsque nous travaillons sur un projet passionnant, notre cerveau est continuellement stimul\u00e9, et souvent surcharg\u00e9. Nous sommes absorb\u00e9s dans le rythme de travail, impliqu\u00e9s \u00e9motionnellement dans la r\u00e9ussite du projet. Nous sommes tellement concentr\u00e9s que nous nous perdons dans notre travail, ce qui peut entra\u00eener une fatigue \u00e9motionnelle d\u00e9vastatrice.<\/p>\n<h3>En dehors de cela, nous avons souvent un <strong>engagement \u00e9motionnel intense envers le projet en cours<\/strong>.<\/h3>\n<p>Nous y investissons du temps, des efforts intellectuels et \u00e9motionnels, et cela devient une <strong>partie de notre identit\u00e9<\/strong>. C&#8217;est un d\u00e9s\u00e9quilibre \u00e9motionnel qui peut causer une vuln\u00e9rabilit\u00e9 accrue \u00e0 la d\u00e9pression post-partum apr\u00e8s la fin du projet. Le changement soudain de l&#8217;engagement \u00e9motionnel envers quelque chose qui vous occupait pendant des semaines peut causer une sensation de vide insurmontable.<\/p>\n<h3><img decoding=\"async\" class=\"alignright size-medium wp-image-37877\" src=\"https:\/\/www.digirocks.fr\/wp-content\/uploads\/2023\/05\/KmGb-300x175.gif\" alt=\"\" width=\"300\" height=\"175\" title=\"\">Une fois que le projet est termin\u00e9, il peut souvent sembler que tout le travail est termin\u00e9.<\/h3>\n<p>Cependant, le processus de cl\u00f4ture est loin d&#8217;\u00eatre simple : ce n&#8217;est m\u00eame pas un paradoxe \u00e0 comprendre, le d\u00e9but c&#8217;est maintenant !<\/p>\n<p>Car cela n\u00e9cessite du temps et des efforts suppl\u00e9mentaires pour finaliser les d\u00e9tails et terminer le processus. Le sentiment d&#8217;urgence qui a aliment\u00e9 notre travail se transforme en un manque d&#8217;objectif clair, ce qui peut mener \u00e0 une <strong>anxi\u00e9t\u00e9<\/strong> suppl\u00e9mentaire et \u00e0 une baisse <strong>d&#8217;estime de soi<\/strong>.<\/p>\n<blockquote><p>La d\u00e9pression post-partum (ou post-projet) peut se manifester sous la forme de perturbations du sommeil, de troubles alimentaires, d&#8217;un manque d&#8217;app\u00e9tit, d&#8217;un sentiment de rejet, d&#8217;un manque d&#8217;int\u00e9r\u00eat ou de plaisir \u00e0 poursuivre des activit\u00e9s, de sautes d&#8217;humeur et de pens\u00e9es n\u00e9gatives. Si vous ressentez un ou plusieurs de ces sympt\u00f4mes, il est temps de prendre la situation en charge et de consulter un professionnel de sant\u00e9 mentale.<\/p><\/blockquote>\n<h2>Peu importe votre sexe, la d\u00e9pression post-partum peut vous affecter.<\/h2>\n<h3>L&#8217;implication \u00e9motionnelle et mentale dans la r\u00e9alisation d&#8217;un projet ou dans la cl\u00f4ture peut vous rendre vuln\u00e9rable.<\/h3>\n<p>Si vous avez termin\u00e9 un projet ou une t\u00e2che qui vous a occup\u00e9, et vous ne vous sentez pas aussi heureux que pr\u00e9vu, ou si vous \u00e9prouvez des sympt\u00f4mes de d\u00e9pression post-partum, vous devez prendre soin de vous et demander de l&#8217;aide si vous en avez besoin. Ne sous-estimez jamais l&#8217;impact \u00e9motionnel d&#8217;un projet r\u00e9ussi, quel que soit le sexe. Prenez le temps de vous reposer et de r\u00e9cup\u00e9rer pour que vous puissiez continuer \u00e0 r\u00e9aliser de grandes choses dans votre vie.<\/p>\n<h2>A lire, sur la d\u00e9pression prost-projet ou d\u00e9pression post-partum, m\u00eame si vous \u00eates un homme, ou une femme, peu importe &#x1f61c;<\/h2>\n<h3 style=\"padding-left: 40px;\">&#x25b6;&#xfe0f;<a href=\"https:\/\/www.passeportsante.net\/fr\/Maux\/Symptomes\/Fiche.aspx?doc=adrenaline-symptomes-montee-adrenaline\" target=\"_blank\" rel=\"noopener\">Passeport Sant\u00e9 : Adr\u00e9naline : les sympt\u00f4mes d\u2019une mont\u00e9e d\u2019adr\u00e9naline<\/a><\/h3>\n<h3 style=\"padding-left: 40px;\">&#x25b6;&#xfe0f;<a href=\"https:\/\/www.femmeactuelle.fr\/enfant\/grossesse\/baby-blues-les-papas-aussi-2049915\" target=\"_blank\" rel=\"noopener\">Femme Actuelle : baby blues, les papas aussi<\/a><\/h3>\n<h3 style=\"padding-left: 40px;\"><a href=\"https:\/\/www.garance-et-moi.com\/blog\/r%C3%A9ussir-%C3%A0-se-remobiliser-apr%C3%A8s-une-%C3%A9ch%C3%A9ance-importante\" target=\"_blank\" rel=\"noopener\">&#x25b6;&#xfe0f;<span id=\"hs_cos_wrapper_name\" class=\"hs_cos_wrapper hs_cos_wrapper_meta_field hs_cos_wrapper_type_text\" data-hs-cos-general-type=\"meta_field\" data-hs-cos-type=\"text\">R\u00e9ussir \u00e0 se remobiliser apr\u00e8s une \u00e9ch\u00e9ance importante<\/span><\/a><\/h3>\n<p>&nbsp;<\/p>\n<h2>Rappelez-vous, puisque c&#8217;est la semaine de la sant\u00e9 mentale au travail :<\/h2>\n<ul>\n<li>\n<h3>On n&#8217;a qu&#8217;une sant\u00e9 (mentale ou pas, c&#8217;est un ensemble)<\/h3>\n<\/li>\n<li>\n<h3>Nous ne sommes pas notre travail, m\u00eame si l&#8217;on est tr\u00e8s investi<\/h3>\n<\/li>\n<li>\n<h3>Prendre soin de soi est une priorit\u00e9 absolue<\/h3>\n<\/li>\n<li>\n<h3>Parler, dire, se confier est essentiel. Vous pouvez consulter un professionnel<\/h3>\n<\/li>\n<\/ul>\n<div class=\"mt-6x row-fluid d-flex flex-flow-row align-items-center justify-content-space-between extra-small\" style=\"padding-left: 40px;\">\n<div class=\"span12 columns\" style=\"padding-left: 40px;\">\n<div class=\"row-fluid d-flex flex-flow-row align-items-center\" style=\"padding-left: 40px;\"><\/div>\n<\/div>\n<\/div>","protected":false},"excerpt":{"rendered":"<p>\u00catre un homme ne nous prot\u00e8ge pas de tout : y compris de la d\u00e9pression post partum (le baby blues, chez les mamans) Il y a des moments o\u00f9 nous pouvons ressentir une fatigue intense, un vide \u00e9motionnel et des [&hellip;]<\/p>\n","protected":false},"author":30,"featured_media":37877,"comment_status":"closed","ping_status":"closed","sticky":false,"template":"","format":"standard","meta":{"_acf_changed":false,"footnotes":""},"categories":[318],"tags":[],"class_list":["post-37875","post","type-post","status-publish","format-standard","has-post-thumbnail","hentry","category-manager-rh"],"acf":[],"_links":{"self":[{"href":"https:\/\/www.digirocks.fr\/en\/wp-json\/wp\/v2\/posts\/37875","targetHints":{"allow":["GET"]}}],"collection":[{"href":"https:\/\/www.digirocks.fr\/en\/wp-json\/wp\/v2\/posts"}],"about":[{"href":"https:\/\/www.digirocks.fr\/en\/wp-json\/wp\/v2\/types\/post"}],"author":[{"embeddable":true,"href":"https:\/\/www.digirocks.fr\/en\/wp-json\/wp\/v2\/users\/30"}],"replies":[{"embeddable":true,"href":"https:\/\/www.digirocks.fr\/en\/wp-json\/wp\/v2\/comments?post=37875"}],"version-history":[{"count":4,"href":"https:\/\/www.digirocks.fr\/en\/wp-json\/wp\/v2\/posts\/37875\/revisions"}],"predecessor-version":[{"id":37881,"href":"https:\/\/www.digirocks.fr\/en\/wp-json\/wp\/v2\/posts\/37875\/revisions\/37881"}],"wp:featuredmedia":[{"embeddable":true,"href":"https:\/\/www.digirocks.fr\/en\/wp-json\/wp\/v2\/media\/37877"}],"wp:attachment":[{"href":"https:\/\/www.digirocks.fr\/en\/wp-json\/wp\/v2\/media?parent=37875"}],"wp:term":[{"taxonomy":"category","embeddable":true,"href":"https:\/\/www.digirocks.fr\/en\/wp-json\/wp\/v2\/categories?post=37875"},{"taxonomy":"post_tag","embeddable":true,"href":"https:\/\/www.digirocks.fr\/en\/wp-json\/wp\/v2\/tags?post=37875"}],"curies":[{"name":"wp","href":"https:\/\/api.w.org\/{rel}","templated":true}]}}