{"id":58428,"date":"2024-09-16T13:58:58","date_gmt":"2024-09-16T13:58:58","guid":{"rendered":"https:\/\/www.digirocks.fr\/?p=58428"},"modified":"2024-09-16T14:10:34","modified_gmt":"2024-09-16T14:10:34","slug":"quality-of-life-at-work-a-strategic-lever-for-attracting-and-retaining-talent-in-the-digital-sector","status":"publish","type":"post","link":"https:\/\/www.digirocks.fr\/en\/quality-of-life-at-work-a-strategic-lever-for-attracting-and-retaining-talent-in-the-digital-sector\/","title":{"rendered":"Quality of life at work: A strategic lever for attracting and retaining talent in the digital sector"},"content":{"rendered":"<p>Dans un march\u00e9 du travail de plus en plus comp\u00e9titif, la qualit\u00e9 de vie au travail (QVT) est devenue un crit\u00e8re essentiel pour les professionnels, en particulier dans le secteur du digital. Avec une multitude d&#8217;opportunit\u00e9s de carri\u00e8re disponibles et une visibilit\u00e9 accrue via des plateformes comme LinkedIn, les talents num\u00e9riques peuvent facilement passer d&#8217;une entreprise \u00e0 une autre. Dans ce contexte, offrir des conditions de travail optimales n&#8217;est plus un simple avantage ; c&#8217;est une n\u00e9cessit\u00e9 pour attirer et fid\u00e9liser les meilleurs talents. Cet article explore l&#8217;importance de la QVT dans le secteur digital et son impact sur le recrutement.<\/p>\n<h2><span class=\"s2\">Pourquoi la qualit\u00e9 de vie au travail est-elle cruciale ?<\/span><\/h2>\n<p>La qualit\u00e9 de vie au travail englobe divers aspects de la vie professionnelle, tels que les conditions de travail, l&#8217;organisation du travail, les relations sociales, l&#8217;\u00e9quilibre entre vie professionnelle et vie personnelle, et la reconnaissance au travail. Une bonne QVT contribue non seulement au bien-\u00eatre des employ\u00e9s mais \u00e9galement \u00e0 leur motivation, \u00e0 leur engagement et, par cons\u00e9quent, \u00e0 leur performance. Selon le Barom\u00e8tre QVT 2023 de Malakoff Humanis, 89 % des salari\u00e9s en France d\u00e9clarent que leur qualit\u00e9 de vie au travail est un facteur important de leur motivation.<\/p>\n<p>Dans le secteur digital, o\u00f9 la demande de talents qualifi\u00e9s est \u00e9lev\u00e9e, les entreprises qui n\u00e9gligent la QVT risquent de perdre leurs meilleurs \u00e9l\u00e9ments au profit de concurrents plus attrayants. Il est donc essentiel de d\u00e9velopper une strat\u00e9gie proactive pour am\u00e9liorer la QVT et ainsi renforcer l&#8217;attractivit\u00e9 de l&#8217;entreprise.<\/p>\n<h2><span class=\"s2\">Impact de la QVT sur la performance des entreprises<\/span><\/h2>\n<p>Une bonne qualit\u00e9 de vie au travail ne profite pas seulement aux employ\u00e9s, mais \u00e9galement aux entreprises. Les organisations qui investissent dans la QVT b\u00e9n\u00e9ficient d&#8217;une productivit\u00e9 accrue et d&#8217;une r\u00e9duction de l&#8217;absent\u00e9isme. Une \u00e9tude de l&#8217;Anact (2019) montre que les entreprises dont les salari\u00e9s ont une bonne QVT enregistrent une productivit\u00e9 sup\u00e9rieure de 21 % et un absent\u00e9isme inf\u00e9rieur de 32 %. De plus, 91 % des dirigeants d&#8217;entreprise estiment que la QVT est un facteur important de leur performance \u00e9conomique, selon une \u00e9tude de PwC en 2022.<\/p>\n<p>Dans le secteur digital, o\u00f9 la rapidit\u00e9 d&#8217;ex\u00e9cution et l&#8217;innovation sont des facteurs cl\u00e9s de succ\u00e8s, maintenir une \u00e9quipe motiv\u00e9e et engag\u00e9e est crucial. En am\u00e9liorant la QVT, les entreprises peuvent non seulement augmenter leur performance mais aussi cr\u00e9er un environnement de travail plus innovant et plus r\u00e9actif.<\/p>\n<h2><span class=\"s2\">QVT et attractivit\u00e9 des entreprises dans le recrutement digital<\/span><\/h2>\n<p>La qualit\u00e9 de vie au travail est \u00e9galement un facteur d\u00e9terminant dans la d\u00e9cision des candidats de rejoindre ou non une entreprise. Une \u00e9tude d&#8217;Indeed de 2022 r\u00e9v\u00e8le que 86 % des candidats \u00e0 l&#8217;emploi prennent en compte la QVT dans leur choix d&#8217;entreprise. Cela montre \u00e0 quel point il est important pour les recruteurs de promouvoir un environnement de travail sain et agr\u00e9able pour attirer les talents. Les entreprises qui investissent dans la QVT sont deux fois plus susceptibles d&#8217;attirer et de retenir les meilleurs talents, selon une \u00e9tude de Gallup en 2021.<\/p>\n<p>Dans un secteur comme le digital, o\u00f9 les comp\u00e9tences sp\u00e9cialis\u00e9es sont tr\u00e8s recherch\u00e9es, la QVT peut faire la diff\u00e9rence entre attirer un candidat de haut niveau ou le voir partir chez un concurrent. Ainsi, les entreprises doivent mettre en place des politiques de bien-\u00eatre efficaces et promouvoir une culture d&#8217;entreprise positive pour rester comp\u00e9titives sur le march\u00e9 du travail.<\/p>\n<h2><span class=\"s2\">Strat\u00e9gies pour am\u00e9liorer la QVT dans les entreprises digitales<\/span><\/h2>\n<div class=\"s3\"><strong>1. <span class=\"s2\">Flexibilit\u00e9 du travail<\/span> :<\/strong> Offrir des options de t\u00e9l\u00e9travail ou de travail hybride est devenu un standard pour de nombreux professionnels du digital. Cela permet non seulement d&#8217;am\u00e9liorer l&#8217;\u00e9quilibre entre vie professionnelle et vie personnelle, mais aussi d&#8217;attirer des talents qui valorisent la flexibilit\u00e9.<\/div>\n<div class=\"s3\"><strong>2. <span class=\"s2\">Culture d&#8217;entreprise positive<\/span> :<\/strong> Cr\u00e9er un environnement de travail inclusif et respectueux, o\u00f9 chaque employ\u00e9 se sent valoris\u00e9, est essentiel. Cela passe par une communication ouverte, des opportunit\u00e9s de d\u00e9veloppement professionnel et une reconnaissance r\u00e9guli\u00e8re des efforts des employ\u00e9s.<\/div>\n<div class=\"s3\"><strong>3. <span class=\"s2\">Bien-\u00eatre physique et mental<\/span> :<\/strong> Proposer des programmes de bien-\u00eatre, tels que des sessions de m\u00e9ditation, des abonnements \u00e0 des salles de sport, ou des consultations de sant\u00e9 mentale, peut grandement am\u00e9liorer la satisfaction et la fid\u00e9lit\u00e9 des employ\u00e9s.<\/div>\n<div><\/div>\n<h2><span class=\"s2\">Chiffres cl\u00e9s sur la qualit\u00e9 de vie au travail<\/span><\/h2>\n<p>Pour renforcer l&#8217;importance de la QVT, voici trois chiffres cl\u00e9s :<\/p>\n<div class=\"s3\"><strong>1. <span class=\"s2\">89 % des salari\u00e9s en France d\u00e9clarent que leur qualit\u00e9 de vie au travail est un facteur important de leur motivation<\/span> (Barom\u00e8tre QVT 2023, Malakoff Humanis).<\/strong><\/div>\n<div class=\"s3\"><strong>2. <span class=\"s2\">Les entreprises dont les salari\u00e9s ont une bonne QVT enregistrent une productivit\u00e9 sup\u00e9rieure de 21 % et un absent\u00e9isme inf\u00e9rieur de 32 %<\/span> (\u00e9tude Anact, 2019).<\/strong><\/div>\n<div class=\"s3\"><strong>3. <span class=\"s2\">86 % des candidat(e)s \u00e0 l&#8217;emploi prennent en compte la QVT dans leur choix d&#8217;entreprise<\/span> (\u00e9tude Indeed, 2022).<\/strong><\/div>\n<div><\/div>\n<h2><span class=\"s2\">Conclusion<\/span><\/h2>\n<p>Dans le secteur digital, o\u00f9 les talents sont rares et recherch\u00e9s, la qualit\u00e9 de vie au travail est un levier strat\u00e9gique majeur pour attirer et retenir les meilleurs profils. En investissant dans la QVT, les entreprises peuvent non seulement am\u00e9liorer le bien-\u00eatre de leurs employ\u00e9s et leur performance, mais \u00e9galement renforcer leur attractivit\u00e9 sur le march\u00e9 du travail et leur comp\u00e9titivit\u00e9 \u00e0 long terme.<\/p>\n<p><strong><span class=\"s2\">Sources<\/span><\/strong><\/p>\n<div class=\"s3\"><span class=\"s4\">- <\/span>Malakoff Humanis, Barom\u00e8tre QVT 2023.<\/div>\n<div class=\"s3\"><span class=\"s4\">- <\/span>Anact, \u00c9tude 2019.<\/div>\n<div class=\"s3\"><span class=\"s4\">- <\/span>PwC, \u00c9tude 2022.<\/div>\n<div class=\"s3\"><span class=\"s4\">- <\/span>Indeed, \u00c9tude 2022.<\/div>\n<div class=\"s3\"><span class=\"s4\">- <\/span>Gallup, \u00c9tude 2021.<\/div>","protected":false},"excerpt":{"rendered":"<p>Dans un march\u00e9 du travail de plus en plus comp\u00e9titif, la qualit\u00e9 de vie au travail (QVT) est devenue un crit\u00e8re essentiel pour les professionnels, en particulier dans le secteur du digital. Avec une multitude d&#8217;opportunit\u00e9s de carri\u00e8re disponibles et [&hellip;]<\/p>\n","protected":false},"author":30,"featured_media":55872,"comment_status":"closed","ping_status":"closed","sticky":false,"template":"","format":"standard","meta":{"_acf_changed":false,"footnotes":""},"categories":[320,318,38,321],"tags":[],"class_list":["post-58428","post","type-post","status-publish","format-standard","has-post-thumbnail","hentry","category-diginews","category-manager-rh","category-ressources","category-talent-candidat"],"acf":[],"_links":{"self":[{"href":"https:\/\/www.digirocks.fr\/en\/wp-json\/wp\/v2\/posts\/58428","targetHints":{"allow":["GET"]}}],"collection":[{"href":"https:\/\/www.digirocks.fr\/en\/wp-json\/wp\/v2\/posts"}],"about":[{"href":"https:\/\/www.digirocks.fr\/en\/wp-json\/wp\/v2\/types\/post"}],"author":[{"embeddable":true,"href":"https:\/\/www.digirocks.fr\/en\/wp-json\/wp\/v2\/users\/30"}],"replies":[{"embeddable":true,"href":"https:\/\/www.digirocks.fr\/en\/wp-json\/wp\/v2\/comments?post=58428"}],"version-history":[{"count":3,"href":"https:\/\/www.digirocks.fr\/en\/wp-json\/wp\/v2\/posts\/58428\/revisions"}],"predecessor-version":[{"id":58431,"href":"https:\/\/www.digirocks.fr\/en\/wp-json\/wp\/v2\/posts\/58428\/revisions\/58431"}],"wp:featuredmedia":[{"embeddable":true,"href":"https:\/\/www.digirocks.fr\/en\/wp-json\/wp\/v2\/media\/55872"}],"wp:attachment":[{"href":"https:\/\/www.digirocks.fr\/en\/wp-json\/wp\/v2\/media?parent=58428"}],"wp:term":[{"taxonomy":"category","embeddable":true,"href":"https:\/\/www.digirocks.fr\/en\/wp-json\/wp\/v2\/categories?post=58428"},{"taxonomy":"post_tag","embeddable":true,"href":"https:\/\/www.digirocks.fr\/en\/wp-json\/wp\/v2\/tags?post=58428"}],"curies":[{"name":"wp","href":"https:\/\/api.w.org\/{rel}","templated":true}]}}